{"id":5539,"date":"2019-02-27T20:26:47","date_gmt":"2019-02-27T23:26:47","guid":{"rendered":"http:\/\/unicopas.org.br\/?p=5539"},"modified":"2022-03-14T16:32:35","modified_gmt":"2022-03-14T19:32:35","slug":"atos-em-defesa-da-alimentacao-saudavel-e-do-meio-ambiente-movimentam-brasilia","status":"publish","type":"post","link":"https:\/\/unicopas.org.br\/noticias\/atos-em-defesa-da-alimentacao-saudavel-e-do-meio-ambiente-movimentam-brasilia\/","title":{"rendered":"Atos em defesa da alimenta\u00e7\u00e3o saud\u00e1vel e do meio ambiente movimentam Bras\u00edlia"},"content":{"rendered":"<p>Mais de 500 pessoas, entre representantes da sociedade civil organizada, movimentos e organiza\u00e7\u00f5es sociais participaram na manh\u00e3 desta quarta-feira (27), do relan\u00e7amento da Frente Parlamentar Ambientalista. A cerim\u00f4nia ocorreu no Audit\u00f3rio Nereu Ramos da C\u00e2mara dos Deputados, em Bras\u00edlia.<\/p>\n<p><img loading=\"lazy\" decoding=\"async\" class=\"alignleft wp-image-5540 size-large\" src=\"http:\/\/unicopas.org.br\/wordpress\/wp-content\/uploads\/sites\/2\/2019\/02\/frente-parlamentar-ambientalista-2-1024x683.jpg\" alt=\"\" width=\"1024\" height=\"683\">Com o audit\u00f3rio lotado, os parlamentares reafirmaram o compromisso em apoiar pol\u00edticas p\u00fablicas, programas e a\u00e7\u00f5es governamentais e n\u00e3o-governamentais que promovam o desenvolvimento sustent\u00e1vel. At\u00e9 o momento do ato, 205 deputados j\u00e1 haviam assinado a ades\u00e3o \u00e0 Frente Parlamentar Ambientalista, que continua aberta para novas assinaturas.<\/p>\n<p>Jo\u00eania Wapichana, do Rede (RR) \u2013 primeira mulher ind\u00edgena eleita deputada federal na hist\u00f3ria pol\u00edtica do Brasil -, lembrou que a responsabilidade socioambiental n\u00e3o deve ser somente responsabilidade dos povos ind\u00edgenas, mas de todos os brasileiros e brasileiras. \u201cN\u00f3s temos uma rela\u00e7\u00e3o especial com a terra porque n\u00e3o conseguimos desconectar meio ambiente do ser humano. Em todos os lugares existem ind\u00edgenas guardi\u00f5es da terra, da \u00e1gua, das florestas, da biodiversidade. \u00c9 provado que est\u00e3o nas Terras Ind\u00edgenas as \u00e1reas mais conservadas do pa\u00eds\u201d, ressaltou Jo\u00eania dizendo ainda que a import\u00e2ncia da defesa dos direitos ind\u00edgenas e da demarca\u00e7\u00e3o de suas terras se d\u00e1 justamente para a manuten\u00e7\u00e3o do meio ambiente. \u201cN\u00f3s, povos origin\u00e1rios e tradicionais, apresentamos alternativas para o uso da biodiversidade\u201d.<\/p>\n<p>Durante o evento, os parlamentares destacaram a import\u00e2ncia da Frente Parlamentar para a garantia de direitos e conserva\u00e7\u00e3o ambiental com justi\u00e7a social e debateram os impactos ambientais causados pelo rompimento de barragem em Brumadinho (MG).<\/p>\n<p>&nbsp;<\/p>\n<h3><strong>Banqueta\u00e7o ocorre simultaneamente em 40 cidades do Brasil<\/strong><\/h3>\n<p>&nbsp;<\/p>\n<p><img loading=\"lazy\" decoding=\"async\" class=\"alignleft wp-image-5541 size-medium\" src=\"http:\/\/unicopas.org.br\/wordpress\/wp-content\/uploads\/sites\/2\/2019\/02\/IMG_5343-300x200.jpg\" alt=\"\" width=\"300\" height=\"200\">Mais de 15 mil refei\u00e7\u00f5es preparadas por chefes de cozinha com produtos da agricultura familiar, servidas de gra\u00e7a nas ruas e espa\u00e7os p\u00fablicos das cidades. Objetivo \u00e9 reivindicar a manuten\u00e7\u00e3o do Conselho Nacional de Seguran\u00e7a Alimentar e Nutricional (Consea) e chamar a aten\u00e7\u00e3o dos governos e da sociedade para a import\u00e2ncia de garantir acesso e pol\u00edticas p\u00fablicas que garantam comida de verdade na mesa de todos os brasileiros.<\/p>\n<p>Em Bras\u00edlia, o ato ocorreu pr\u00f3ximo \u00e0 Rodovi\u00e1ria do Plano Piloto, lugar de grande movimenta\u00e7\u00e3o de pessoas, e serviu mais de mil refei\u00e7\u00f5es de gra\u00e7a para quem passava por ali. Elizabetta Recine, ex-presidenta do Consea, disse que \u00e9 poss\u00edvel ter acesso a comida \u201cboa, barata e produzida pela agricultura familiar\u201d.<\/p>\n<p>O Consea foi extinto ap\u00f3s a publica\u00e7\u00e3o da Medida Provis\u00f3ria (MP) 870 no Di\u00e1rio Oficial da Uni\u00e3o (DOU), no primeiro dia de gest\u00e3o do atual governo federal. Al\u00e9m de alterar as atribui\u00e7\u00f5es e a estrutura dos minist\u00e9rios e dos \u00f3rg\u00e3os ligados \u00e0 Presid\u00eancia da Rep\u00fablica, a MP enfraqueceu o controle social de pol\u00edticas p\u00fablicas de seguran\u00e7a alimentar e nutricional, inclusive \u00e0s pautas ligadas a produ\u00e7\u00e3o de alimentos org\u00e2nicos, ou seja, livres de veneno.<\/p>\n<p>Leonardo Pinho, presidente da Unisol Brasil, uma das centrais afiliadas \u00e0 Unicopas, destaca que \u00e9 \u201cpreciso garantir esse espa\u00e7o de participa\u00e7\u00e3o popular nas pol\u00edticas p\u00fablicas de seguran\u00e7a alimentar\u201d.<\/p>\n<p>Patrus Ananias, deputado federal pelo Partidos dos Trabalhadores, destacou que \u00e9 \u201cpreciso estimular a agricultura familiar, a produ\u00e7\u00e3o de alimentos saud\u00e1veis, a agroecologia e o cooperativismo para que se possa garantir ao povo brasileiro o primeiro e mais sagrado de todos os direitos: o de uma alimenta\u00e7\u00e3o saud\u00e1vel\u201d.<\/p>\n<p>&nbsp;<\/p>\n<h3><strong>Economia e cooperativismo solid\u00e1rio para alcan\u00e7ar os ODS<\/strong><\/h3>\n<p>&nbsp;<\/p>\n<p>Estabelecidos pela Organiza\u00e7\u00e3o das Na\u00e7\u00f5es Unidas (ONU), os Objetivos de Desenvolvimento Sustent\u00e1vel (ODS) s\u00e3o planos de a\u00e7\u00f5es que os pa\u00edses devem adotar em busca da erradica\u00e7\u00e3o da pobreza, da prote\u00e7\u00e3o do planeta e da garantia para que as pessoas alcancem a paz e a prosperidade.<\/p>\n<p>Desde 2018, a Unicopas, com o apoio da Uni\u00e3o Europeia, trabalha para o desenvolvimento de a\u00e7\u00f5es que promovam os ODS. A organiza\u00e7\u00e3o acredita que a economia e o cooperativismo solid\u00e1rio s\u00e3o caminhos que podem contribuir efetivamente para que os pa\u00edses, inclusive o Brasil, alcancem esses objetivos.<\/p>\n<p>\u201cOs atos que ocorreram hoje em todo o Brasil, em especial em Bras\u00edlia, s\u00f3 refor\u00e7am a import\u00e2ncia de dedicarmos mais aten\u00e7\u00e3o \u00e0s pol\u00edticas p\u00fablicas que promovam o desenvolvimento local, com gera\u00e7\u00e3o de renda e qualidade de vida para as pessoas, principalmente, \u00e0s popula\u00e7\u00f5es mais vulner\u00e1veis. E a economia e o cooperativismo solid\u00e1rios s\u00e3o capazes de promover este tipo de desenvolvimento para o pa\u00eds\u201d, destacou Arildo Lopes, presidente da Unicopas.<\/p>\n<p><em>por Thays Puzzi, assessoria de Comunica\u00e7\u00e3o Unicopas<\/em><\/p>\n","protected":false},"excerpt":{"rendered":"<div class=\"mh-excerpt\"><p>O dia come\u00e7ou com o lan\u00e7amento da Frente Parlamentar Ambientalista com a ades\u00e3o de mais de 200 deputados. No almo\u00e7o, mais de mil refei\u00e7\u00f5es foram servidas durante Banqueta\u00e7o<\/p>\n<\/div>","protected":false},"author":5,"featured_media":5541,"comment_status":"closed","ping_status":"closed","sticky":false,"template":"","format":"standard","meta":{"_coblocks_attr":"","_coblocks_dimensions":"","_coblocks_responsive_height":"","_coblocks_accordion_ie_support":"","footnotes":""},"categories":[1,41,491],"tags":[43,58,65,67,75,81],"class_list":["post-5539","post","type-post","status-publish","format-standard","has-post-thumbnail","hentry","category-noticias","category-ods","category-unicopas","tag-agricultura-familiar","tag-congresso-nacional","tag-cooperativismo","tag-cooperativismo-solidario","tag-economia-solidaria","tag-meio-ambiente"],"_links":{"self":[{"href":"https:\/\/unicopas.org.br\/noticias\/wp-json\/wp\/v2\/posts\/5539","targetHints":{"allow":["GET"]}}],"collection":[{"href":"https:\/\/unicopas.org.br\/noticias\/wp-json\/wp\/v2\/posts"}],"about":[{"href":"https:\/\/unicopas.org.br\/noticias\/wp-json\/wp\/v2\/types\/post"}],"author":[{"embeddable":true,"href":"https:\/\/unicopas.org.br\/noticias\/wp-json\/wp\/v2\/users\/5"}],"replies":[{"embeddable":true,"href":"https:\/\/unicopas.org.br\/noticias\/wp-json\/wp\/v2\/comments?post=5539"}],"version-history":[{"count":2,"href":"https:\/\/unicopas.org.br\/noticias\/wp-json\/wp\/v2\/posts\/5539\/revisions"}],"predecessor-version":[{"id":36133,"href":"https:\/\/unicopas.org.br\/noticias\/wp-json\/wp\/v2\/posts\/5539\/revisions\/36133"}],"wp:featuredmedia":[{"embeddable":true,"href":"https:\/\/unicopas.org.br\/noticias\/wp-json\/wp\/v2\/media\/5541"}],"wp:attachment":[{"href":"https:\/\/unicopas.org.br\/noticias\/wp-json\/wp\/v2\/media?parent=5539"}],"wp:term":[{"taxonomy":"category","embeddable":true,"href":"https:\/\/unicopas.org.br\/noticias\/wp-json\/wp\/v2\/categories?post=5539"},{"taxonomy":"post_tag","embeddable":true,"href":"https:\/\/unicopas.org.br\/noticias\/wp-json\/wp\/v2\/tags?post=5539"}],"curies":[{"name":"wp","href":"https:\/\/api.w.org\/{rel}","templated":true}]}}