{"id":5410,"date":"2018-02-20T16:38:42","date_gmt":"2018-02-20T19:38:42","guid":{"rendered":"http:\/\/unicopas.org.br\/?p=5410"},"modified":"2022-03-03T22:50:53","modified_gmt":"2022-03-04T01:50:53","slug":"por-um-brasil-cooperativo-e-solidario-unicopas-lanca-plataforma-politica-para-2018-para-debate","status":"publish","type":"post","link":"https:\/\/unicopas.org.br\/noticias\/por-um-brasil-cooperativo-e-solidario-unicopas-lanca-plataforma-politica-para-2018-para-debate\/","title":{"rendered":"Por um Brasil Cooperativo e Solid\u00e1rio: UNICOPAS lan\u00e7a Plataforma Pol\u00edtica para 2018"},"content":{"rendered":"<p><span class=\"im\">\u201cEstamos determinados a assegurar que todos os seres humanos possam desfrutar de uma vida pr\u00f3spera e de plena realiza\u00e7\u00e3o pessoal, e que o progresso econ\u00f4mico, social e tecnol\u00f3gico ocorra em harmonia com a natureza\u201d (Agenda 2030 para o Desenvolvimento Sustent\u00e1vel).<\/span><\/p>\n<p>\u00c9 a partir dessa vis\u00e3o que a UNICOPAS, institui\u00e7\u00e3o que re\u00fane as 4 centrais de cooperativismo solid\u00e1rio do Brasil (UNISOL, Unicafes, CONCRAB\/MST e UNICATADORES) lan\u00e7a para debate p\u00fablico a sua proposta de Plataforma Pol\u00edtica para 2018. O in\u00edcio dos debates acontecer\u00e1 nas atividades durante o F\u00f3rum Social Mundial, de 13 a 17\/03 em Salvador, Bahia, bem como em atividades das centrais em todo o Brasil. A Plataforma ser\u00e1 conclu\u00edda e lan\u00e7ada publicamente em Bras\u00edlia no m\u00eas de maio, durante evento espec\u00edfico da UNICOPAS.<\/p>\n<div class=\"yj6qo ajU\">\n<div id=\":n5\" class=\"ajR\" tabindex=\"0\" data-tooltip=\"Mostrar conte\u00fado cortado\"><img decoding=\"async\" class=\"ajT\" src=\"https:\/\/ssl.gstatic.com\/ui\/v1\/icons\/mail\/images\/cleardot.gif\" \/>Acesse o texto completo <a href=\"http:\/\/unicopas.org.br\/wordpress\/wp-content\/uploads\/sites\/2\/2018\/02\/Por-um-Brasil-Cooperativo-e-Solid\u00e1rio_UNICOPAS.pdf\" target=\"_blank\" rel=\"noopener noreferrer\">clicando aqui<\/a><\/div>\n<\/div>\n","protected":false},"excerpt":{"rendered":"<div class=\"mh-excerpt\"><p>\u201cEstamos determinados a assegurar que todos os seres humanos possam desfrutar de uma vida pr\u00f3spera e de plena realiza\u00e7\u00e3o pessoal, e que o progresso econ\u00f4mico, <a class=\"mh-excerpt-more\" href=\"https:\/\/unicopas.org.br\/noticias\/por-um-brasil-cooperativo-e-solidario-unicopas-lanca-plataforma-politica-para-2018-para-debate\/\" title=\"Por um Brasil Cooperativo e Solid\u00e1rio: UNICOPAS lan\u00e7a Plataforma Pol\u00edtica para 2018\">[&#8230;]<\/a><\/p>\n<\/div>","protected":false},"author":5,"featured_media":5413,"comment_status":"open","ping_status":"open","sticky":false,"template":"","format":"standard","meta":{"_coblocks_attr":"","_coblocks_dimensions":"","_coblocks_responsive_height":"","_coblocks_accordion_ie_support":"","footnotes":""},"categories":[1,491],"tags":[65],"class_list":["post-5410","post","type-post","status-publish","format-standard","has-post-thumbnail","hentry","category-noticias","category-unicopas","tag-cooperativismo"],"_links":{"self":[{"href":"https:\/\/unicopas.org.br\/noticias\/wp-json\/wp\/v2\/posts\/5410","targetHints":{"allow":["GET"]}}],"collection":[{"href":"https:\/\/unicopas.org.br\/noticias\/wp-json\/wp\/v2\/posts"}],"about":[{"href":"https:\/\/unicopas.org.br\/noticias\/wp-json\/wp\/v2\/types\/post"}],"author":[{"embeddable":true,"href":"https:\/\/unicopas.org.br\/noticias\/wp-json\/wp\/v2\/users\/5"}],"replies":[{"embeddable":true,"href":"https:\/\/unicopas.org.br\/noticias\/wp-json\/wp\/v2\/comments?post=5410"}],"version-history":[{"count":1,"href":"https:\/\/unicopas.org.br\/noticias\/wp-json\/wp\/v2\/posts\/5410\/revisions"}],"predecessor-version":[{"id":35146,"href":"https:\/\/unicopas.org.br\/noticias\/wp-json\/wp\/v2\/posts\/5410\/revisions\/35146"}],"wp:featuredmedia":[{"embeddable":true,"href":"https:\/\/unicopas.org.br\/noticias\/wp-json\/wp\/v2\/media\/5413"}],"wp:attachment":[{"href":"https:\/\/unicopas.org.br\/noticias\/wp-json\/wp\/v2\/media?parent=5410"}],"wp:term":[{"taxonomy":"category","embeddable":true,"href":"https:\/\/unicopas.org.br\/noticias\/wp-json\/wp\/v2\/categories?post=5410"},{"taxonomy":"post_tag","embeddable":true,"href":"https:\/\/unicopas.org.br\/noticias\/wp-json\/wp\/v2\/tags?post=5410"}],"curies":[{"name":"wp","href":"https:\/\/api.w.org\/{rel}","templated":true}]}}