{"id":38586,"date":"2026-09-03T17:36:07","date_gmt":"2026-09-03T20:36:07","guid":{"rendered":"https:\/\/unicopas.org.br\/noticias\/?p=38586"},"modified":"2026-09-03T19:38:44","modified_gmt":"2026-09-03T22:38:44","slug":"unicopas-oferece-ciclo-formativo-para-cooperativas-solidarias-e-empreendimentos-de-economia-popular-e-solidaria","status":"publish","type":"post","link":"https:\/\/unicopas.org.br\/noticias\/unicopas-oferece-ciclo-formativo-para-cooperativas-solidarias-e-empreendimentos-de-economia-popular-e-solidaria\/","title":{"rendered":"Unicopas oferece Ciclo Formativo para cooperativas solid\u00e1rias e empreendimentos de economia popular e solid\u00e1ria"},"content":{"rendered":"\n<p class=\"wp-block-paragraph\">A Unicopas (Uni\u00e3o Nacional das Organiza\u00e7\u00f5es Cooperativistas Solid\u00e1rias) realizar\u00e1 um ciclo de forma\u00e7\u00f5es online, com temas estrat\u00e9gicos, com o objetivo de fortalecer pol\u00edtica, t\u00e9cnica e institucionalmente as centrais que integram a rede: Unicafes, Unicrab, Unisol, Unicatadores.&nbsp;<\/p>\n\n\n\n<p class=\"wp-block-paragraph\">O Ciclo Formativo Unicopas est\u00e1 organizado em <strong>quatro encontros online<\/strong> e temas estrat\u00e9gicos relacionados ao cooperativismo solid\u00e1rio, \u00e0 Economia Popular e Solid\u00e1ria, ao MROSC, \u00e0 democracia, \u00e0 diversidade e \u00e0s pol\u00edticas p\u00fablicas. A iniciativa busca fortalecer conhecimentos, capacidades e a atua\u00e7\u00e3o das organiza\u00e7\u00f5es e lideran\u00e7as.<\/p>\n\n\n\n<p class=\"wp-block-paragraph\"><strong>Temas, datas e convidados\/as<\/strong><\/p>\n\n\n\n<p class=\"wp-block-paragraph\"><strong>10 de setembro &#8211;<\/strong> Reforma Tribut\u00e1ria: impactos e desafios para o cooperativismo e a Economia Solid\u00e1ria. Especialista: Daniel Rech &#8211; Assessor jur\u00eddico da Unicopas.<\/p>\n\n\n\n<p class=\"wp-block-paragraph\"><strong>14 de setembro &#8211;<\/strong> Cooperativismo e Economia Solid\u00e1ria: identidade, princ\u00edpios e desafios atuais. Especialistas: Gerv\u00e1sio Plucinski (Presidente da Unicopas) e S\u00e9rgio Godoy (Diretor do Departamento de Forma\u00e7\u00e3o e Estudo, da Secretaria Nacional de Economia Popular e Solid\u00e1ria \u2013 SENAES\/MTE).<\/p>\n\n\n\n<p class=\"wp-block-paragraph\"><strong>21 de setembro &#8211;<\/strong> MROSC na pr\u00e1tica: parcerias, direitos e sustentabilidade das organiza\u00e7\u00f5es da sociedade civil. Especialista: Alessandra Miranda &#8211; Consultora Unicopas.<\/p>\n\n\n\n<p class=\"wp-block-paragraph\"><strong>01 de outubro<\/strong> <strong>&#8211;<\/strong> Diversidade, participa\u00e7\u00e3o e fortalecimento da democracia nas nossas organiza\u00e7\u00f5es. Especialistas: Bob Luiz Botelho (Coordenador de Rela\u00e7\u00f5es Institucionais &#8211; Unicopas) e Claudete Costa (Vice-presidenta e coordenadora do GT Mulheres &#8211; Unicopas).<\/p>\n\n\n\n<h3 class=\"wp-block-heading\">INSCRI\u00c7\u00d5ES AT\u00c9 O9 DE SETEMBRO<\/h3>\n\n\n\n<p class=\"wp-block-paragraph\">Os encontros ser\u00e3o sempre \u00e0s 19h30 (Hor\u00e1rio de Bras\u00edlia). <\/p>\n\n\n\n<p class=\"wp-block-paragraph\">Fa\u00e7a sua inscri\u00e7\u00e3o aqui: <a href=\"https:\/\/forms.gle\/CStkWxqtLrRYz7tD9\">https:\/\/forms.gle\/CStkWxqtLrRYz7tD9<\/a><\/p>\n\n\n\n<p class=\"wp-block-paragraph\">Nos dias que antecedem cada encontro, se realizou a inscri\u00e7\u00e3o, fique atento, voc\u00ea receber\u00e1 no whatsapp ou e-mail o link para participar.<\/p>\n\n\n\n<p class=\"wp-block-paragraph\">A iniciativa integra o Projeto Fortalecimento da Economia Solid\u00e1ria, Associativismo, e Cooperativismo da Rede Unicopas e Articula\u00e7\u00e3o MROSC, do Conv\u00eanio n\u00ba 978176\/2025 e o Projeto Redes Unicopas, do Conv\u00eanio 991213\/2025. que integra o Programa Economia Popular e Solid\u00e1ria Sustent\u00e1veis, ambos do Minist\u00e9rio do Trabalho e Emprego, por meio da Secretaria Nacional de Economia Popular e Solid\u00e1ria (MTE\/SENAES).<\/p>\n\n\n\n<figure class=\"wp-block-gallery alignfull has-nested-images columns-default is-cropped wp-block-gallery-1 is-layout-flex wp-block-gallery-is-layout-flex\">\n<figure class=\"wp-block-image size-large\"><img loading=\"lazy\" decoding=\"async\" width=\"576\" height=\"720\" data-id=\"38595\" src=\"https:\/\/unicopas.org.br\/noticias\/wp-content\/uploads\/sites\/2\/2026\/09\/card-3-cicloformacao-1-576x720.jpg\" alt=\"\" class=\"wp-image-38595\" srcset=\"https:\/\/unicopas.org.br\/noticias\/wp-content\/uploads\/sites\/2\/2026\/09\/card-3-cicloformacao-1-576x720.jpg 576w, https:\/\/unicopas.org.br\/noticias\/wp-content\/uploads\/sites\/2\/2026\/09\/card-3-cicloformacao-1-410x513.jpg 410w, https:\/\/unicopas.org.br\/noticias\/wp-content\/uploads\/sites\/2\/2026\/09\/card-3-cicloformacao-1-768x960.jpg 768w, https:\/\/unicopas.org.br\/noticias\/wp-content\/uploads\/sites\/2\/2026\/09\/card-3-cicloformacao-1-600x750.jpg 600w, https:\/\/unicopas.org.br\/noticias\/wp-content\/uploads\/sites\/2\/2026\/09\/card-3-cicloformacao-1.jpg 1080w\" sizes=\"auto, (max-width: 576px) 100vw, 576px\" \/><\/figure>\n\n\n\n<figure class=\"wp-block-image size-large\"><img loading=\"lazy\" decoding=\"async\" width=\"576\" height=\"720\" data-id=\"38593\" src=\"https:\/\/unicopas.org.br\/noticias\/wp-content\/uploads\/sites\/2\/2026\/09\/card-4-cicloformacao-576x720.jpg\" alt=\"\" class=\"wp-image-38593\" srcset=\"https:\/\/unicopas.org.br\/noticias\/wp-content\/uploads\/sites\/2\/2026\/09\/card-4-cicloformacao-576x720.jpg 576w, https:\/\/unicopas.org.br\/noticias\/wp-content\/uploads\/sites\/2\/2026\/09\/card-4-cicloformacao-410x513.jpg 410w, https:\/\/unicopas.org.br\/noticias\/wp-content\/uploads\/sites\/2\/2026\/09\/card-4-cicloformacao-768x960.jpg 768w, https:\/\/unicopas.org.br\/noticias\/wp-content\/uploads\/sites\/2\/2026\/09\/card-4-cicloformacao-600x750.jpg 600w, https:\/\/unicopas.org.br\/noticias\/wp-content\/uploads\/sites\/2\/2026\/09\/card-4-cicloformacao.jpg 1080w\" sizes=\"auto, (max-width: 576px) 100vw, 576px\" \/><\/figure>\n\n\n\n<figure class=\"wp-block-image size-large\"><img loading=\"lazy\" decoding=\"async\" width=\"576\" height=\"720\" data-id=\"38596\" src=\"https:\/\/unicopas.org.br\/noticias\/wp-content\/uploads\/sites\/2\/2026\/09\/card-5-cicloformacao-1-576x720.jpg\" alt=\"\" class=\"wp-image-38596\" srcset=\"https:\/\/unicopas.org.br\/noticias\/wp-content\/uploads\/sites\/2\/2026\/09\/card-5-cicloformacao-1-576x720.jpg 576w, https:\/\/unicopas.org.br\/noticias\/wp-content\/uploads\/sites\/2\/2026\/09\/card-5-cicloformacao-1-410x513.jpg 410w, https:\/\/unicopas.org.br\/noticias\/wp-content\/uploads\/sites\/2\/2026\/09\/card-5-cicloformacao-1-768x960.jpg 768w, https:\/\/unicopas.org.br\/noticias\/wp-content\/uploads\/sites\/2\/2026\/09\/card-5-cicloformacao-1-600x750.jpg 600w, https:\/\/unicopas.org.br\/noticias\/wp-content\/uploads\/sites\/2\/2026\/09\/card-5-cicloformacao-1.jpg 1080w\" sizes=\"auto, (max-width: 576px) 100vw, 576px\" \/><\/figure>\n\n\n\n<figure class=\"wp-block-image size-large\"><img loading=\"lazy\" decoding=\"async\" width=\"576\" height=\"720\" data-id=\"38598\" src=\"https:\/\/unicopas.org.br\/noticias\/wp-content\/uploads\/sites\/2\/2026\/09\/card-6-cicloformacao-2-576x720.jpg\" alt=\"\" class=\"wp-image-38598\" srcset=\"https:\/\/unicopas.org.br\/noticias\/wp-content\/uploads\/sites\/2\/2026\/09\/card-6-cicloformacao-2-576x720.jpg 576w, https:\/\/unicopas.org.br\/noticias\/wp-content\/uploads\/sites\/2\/2026\/09\/card-6-cicloformacao-2-410x513.jpg 410w, https:\/\/unicopas.org.br\/noticias\/wp-content\/uploads\/sites\/2\/2026\/09\/card-6-cicloformacao-2-768x960.jpg 768w, https:\/\/unicopas.org.br\/noticias\/wp-content\/uploads\/sites\/2\/2026\/09\/card-6-cicloformacao-2-600x750.jpg 600w, https:\/\/unicopas.org.br\/noticias\/wp-content\/uploads\/sites\/2\/2026\/09\/card-6-cicloformacao-2.jpg 1080w\" sizes=\"auto, (max-width: 576px) 100vw, 576px\" \/><\/figure>\n\n\n\n<figure class=\"wp-block-image size-large\"><img loading=\"lazy\" decoding=\"async\" width=\"576\" height=\"720\" data-id=\"38599\" src=\"https:\/\/unicopas.org.br\/noticias\/wp-content\/uploads\/sites\/2\/2026\/09\/card-7-cicloformacao-1-576x720.jpg\" alt=\"\" class=\"wp-image-38599\" srcset=\"https:\/\/unicopas.org.br\/noticias\/wp-content\/uploads\/sites\/2\/2026\/09\/card-7-cicloformacao-1-576x720.jpg 576w, https:\/\/unicopas.org.br\/noticias\/wp-content\/uploads\/sites\/2\/2026\/09\/card-7-cicloformacao-1-410x513.jpg 410w, https:\/\/unicopas.org.br\/noticias\/wp-content\/uploads\/sites\/2\/2026\/09\/card-7-cicloformacao-1-768x960.jpg 768w, https:\/\/unicopas.org.br\/noticias\/wp-content\/uploads\/sites\/2\/2026\/09\/card-7-cicloformacao-1-600x750.jpg 600w, https:\/\/unicopas.org.br\/noticias\/wp-content\/uploads\/sites\/2\/2026\/09\/card-7-cicloformacao-1.jpg 1080w\" sizes=\"auto, (max-width: 576px) 100vw, 576px\" \/><\/figure>\n<\/figure>\n\n\n\n<p class=\"wp-block-paragraph\"><\/p>\n","protected":false},"excerpt":{"rendered":"<div class=\"mh-excerpt\"><p>A Unicopas (Uni\u00e3o Nacional das Organiza\u00e7\u00f5es Cooperativistas Solid\u00e1rias) realizar\u00e1 um ciclo de forma\u00e7\u00f5es online, com temas estrat\u00e9gicos, com o objetivo de fortalecer pol\u00edtica, t\u00e9cnica e <a class=\"mh-excerpt-more\" href=\"https:\/\/unicopas.org.br\/noticias\/unicopas-oferece-ciclo-formativo-para-cooperativas-solidarias-e-empreendimentos-de-economia-popular-e-solidaria\/\" title=\"Unicopas oferece Ciclo Formativo para cooperativas solid\u00e1rias e empreendimentos de economia popular e solid\u00e1ria\">[&#8230;]<\/a><\/p>\n<\/div>","protected":false},"author":5,"featured_media":38587,"comment_status":"closed","ping_status":"open","sticky":false,"template":"","format":"standard","meta":{"_coblocks_attr":"","_coblocks_dimensions":"","_coblocks_responsive_height":"","_coblocks_accordion_ie_support":"","footnotes":""},"categories":[1],"tags":[],"class_list":["post-38586","post","type-post","status-publish","format-standard","has-post-thumbnail","hentry","category-noticias"],"_links":{"self":[{"href":"https:\/\/unicopas.org.br\/noticias\/wp-json\/wp\/v2\/posts\/38586","targetHints":{"allow":["GET"]}}],"collection":[{"href":"https:\/\/unicopas.org.br\/noticias\/wp-json\/wp\/v2\/posts"}],"about":[{"href":"https:\/\/unicopas.org.br\/noticias\/wp-json\/wp\/v2\/types\/post"}],"author":[{"embeddable":true,"href":"https:\/\/unicopas.org.br\/noticias\/wp-json\/wp\/v2\/users\/5"}],"replies":[{"embeddable":true,"href":"https:\/\/unicopas.org.br\/noticias\/wp-json\/wp\/v2\/comments?post=38586"}],"version-history":[{"count":3,"href":"https:\/\/unicopas.org.br\/noticias\/wp-json\/wp\/v2\/posts\/38586\/revisions"}],"predecessor-version":[{"id":38601,"href":"https:\/\/unicopas.org.br\/noticias\/wp-json\/wp\/v2\/posts\/38586\/revisions\/38601"}],"wp:featuredmedia":[{"embeddable":true,"href":"https:\/\/unicopas.org.br\/noticias\/wp-json\/wp\/v2\/media\/38587"}],"wp:attachment":[{"href":"https:\/\/unicopas.org.br\/noticias\/wp-json\/wp\/v2\/media?parent=38586"}],"wp:term":[{"taxonomy":"category","embeddable":true,"href":"https:\/\/unicopas.org.br\/noticias\/wp-json\/wp\/v2\/categories?post=38586"},{"taxonomy":"post_tag","embeddable":true,"href":"https:\/\/unicopas.org.br\/noticias\/wp-json\/wp\/v2\/tags?post=38586"}],"curies":[{"name":"wp","href":"https:\/\/api.w.org\/{rel}","templated":true}]}}