{"id":38229,"date":"2026-03-31T13:43:33","date_gmt":"2026-03-31T16:43:33","guid":{"rendered":"https:\/\/unicopas.org.br\/noticias\/?p=38229"},"modified":"2026-03-31T13:43:35","modified_gmt":"2026-03-31T16:43:35","slug":"ministerio-das-mulheres-realiza-encontro-de-gestoras-publicas-e-anuncia-pacote-de-acoes-sobre-protecao-e-direitos-das-mulheres","status":"publish","type":"post","link":"https:\/\/unicopas.org.br\/noticias\/ministerio-das-mulheres-realiza-encontro-de-gestoras-publicas-e-anuncia-pacote-de-acoes-sobre-protecao-e-direitos-das-mulheres\/","title":{"rendered":"Minist\u00e9rio das Mulheres realiza Encontro de Gestoras P\u00fablicas e anuncia pacote de a\u00e7\u00f5es sobre prote\u00e7\u00e3o e direitos das mulheres"},"content":{"rendered":"\n<p>A ministra das Mulheres, M\u00e1rcia Lopes, anunciou nesta segunda-feira (30), em Fortaleza (CE), durante a cerim\u00f4nia de abertura do Encontro de Gestoras de Pol\u00edticas P\u00fablicas para Mulheres, um pacote de a\u00e7\u00f5es estrat\u00e9gicas voltadas aos direitos das mulheres e ao enfrentamento da viol\u00eancia de g\u00eanero. O evento ocorreu no Centro Universit\u00e1rio 7 de Setembro (UNI7), com a presen\u00e7a de 821 gestoras inscritas de 23 estados e do Distrito Federal.\u00a0<\/p>\n\n\n\n<p>Com recursos que superam R$18 milh\u00f5es, al\u00e9m de parcerias nacionais e internacionais, o conjunto de iniciativas busca ampliar direitos, reduzir desigualdades e consolidar uma agenda integrada de prote\u00e7\u00e3o, autonomia e justi\u00e7a social para as mulheres.<\/p>\n\n\n\n<p>\u201cO feminic\u00eddio \u00e9 algo que n\u00f3s n\u00e3o queremos diminuir; queremos acabar. Nenhum pa\u00eds vai se desenvolver e crescer com esse tipo de viol\u00eancia inadmiss\u00edvel contra as mulheres. Estamos determinados, sob a lideran\u00e7a do presidente Lula, com o Pacto Brasil, junto com os poderes Legislativo e Judici\u00e1rio, a acabar com o feminic\u00eddio no pa\u00eds\u201d, destacou a ministra M\u00e1rcia Lopes.<\/p>\n\n\n\n<p>Al\u00e9m do enfrentamento da viol\u00eancia de g\u00eanero nas regi\u00f5es priorit\u00e1rias, as a\u00e7\u00f5es incluem ainda acesso \u00e0 \u00e1gua em territ\u00f3rios quilombolas, forma\u00e7\u00e3o de lideran\u00e7as, apoio a organiza\u00e7\u00f5es da sociedade civil, produ\u00e7\u00e3o de dados para orientar as pol\u00edticas p\u00fablicas e combate \u00e0 misoginia no ambiente digital.&nbsp;<\/p>\n\n\n\n<p>Ainda durante a solenidade, a ministra M\u00e1rcia Lopes recebeu o pr\u00eamio &#8220;Mulheres que Inspiram&#8221;, entregue pela reitoria da UNI7.&nbsp;<\/p>\n\n\n\n<p>\u201c\u00c9 muito bom saber que temos muitas mulheres e homens comprometidos com a constru\u00e7\u00e3o de um mundo de paz, um mundo em que as mulheres sejam livres e protagonistas de suas hist\u00f3rias, rompendo com todas as formas de viol\u00eancia\u201d afirmou a ministra.<\/p>\n\n\n\n<p><strong>Relat\u00f3rio Anual Socioecon\u00f4mico da Mulher &#8211; Raseam 2026<\/strong><\/p>\n\n\n\n<p>Um dos destaques do evento foi o lan\u00e7amento do Relat\u00f3rio Anual Socioecon\u00f4mico da Mulher (RASEAM 2026), produzido pelo Observat\u00f3rio Brasil da Igualdade de G\u00eanero, do Minist\u00e9rio das Mulheres. O documento retrata a situa\u00e7\u00e3o das brasileiras e serve como guia estrat\u00e9gico para a cria\u00e7\u00e3o de pol\u00edticas p\u00fablicas e o desenvolvimento de investiga\u00e7\u00f5es cient\u00edficas em diversas \u00e1reas.&nbsp;\u201cPol\u00edticas p\u00fablicas precisam ser baseadas em dados, pesquisas, censos, informa\u00e7\u00f5es qualificadas para que a gente possa, de fato, acertar em proteger as mulheres do Brasil\u201d, destacou a secret\u00e1ria-executiva do MMulheres, Eut\u00e1lia Barbosa, ao citar a import\u00e2ncia do Raseam 2026.&nbsp;<\/p>\n\n\n\n<p>Ao todo, o relat\u00f3rio traz sete eixos tem\u00e1ticos: Estrutura Demogr\u00e1fica; Autonomia Econ\u00f4mica e Igualdade no Mundo do Trabalho; Educa\u00e7\u00e3o; Sa\u00fade Integral, Direitos Sexuais e Direitos Reprodutivos; Enfrentamento de todas as formas de viol\u00eancia contra as mulheres; Mulheres em espa\u00e7os de poder e decis\u00e3o; e Mulheres na Cultura, Comunica\u00e7\u00e3o e Esporte.&nbsp;<\/p>\n\n\n\n<p>A secret\u00e1ria-executiva tamb\u00e9m informou que o Minist\u00e9rio das Mulheres est\u00e1 ampliando o acesso ao DataMulheres, plataforma digital voltada \u00e0 dissemina\u00e7\u00e3o de estat\u00edsticas de g\u00eanero no pa\u00eds. Nesta etapa, o acesso ser\u00e1 ampliado para observat\u00f3rios, centros de estudos e institui\u00e7\u00f5es acad\u00eamicas.\u00a0\u00a0<\/p>\n\n\n\n<p><a href=\"https:\/\/www.gov.br\/mulheres\/pt-br\/central-de-conteudos\/publicacoes\/raseam-2026-relatorio-anual-socioeconomico-da-mulher.pdf\">Acesse aqui a \u00edntegra do&nbsp; RASEAM 2026<\/a>.<\/p>\n\n\n\n<p><strong>Outras a\u00e7\u00f5es&nbsp;<\/strong><\/p>\n\n\n\n<p>Al\u00e9m do Raseam, o Minist\u00e9rio das Mulheres anunciou um conjunto de iniciativas:&nbsp;<\/p>\n\n\n\n<ul class=\"wp-block-list\">\n<li>Protocolo Mulheres e Emerg\u00eancias Clim\u00e1ticas: orienta a incorpora\u00e7\u00e3o da perspectiva de g\u00eanero na gest\u00e3o de riscos e desastres, da preven\u00e7\u00e3o \u00e0 reconstru\u00e7\u00e3o, com diretrizes t\u00e9cnicas e de governan\u00e7a para qualificar a atua\u00e7\u00e3o p\u00fablica e reduzir desigualdades nos impactos das crises clim\u00e1ticas.<\/li>\n\n\n\n<li>Edital Mulheres e Clima (Chamada n\u00ba 001\/2026): iniciativa do Minist\u00e9rio das Mulheres em parceria com a ONU Mulheres Brasil, que oferece apoio financeiro entre R$80 mil e R$150 mil a organiza\u00e7\u00f5es da sociedade civil. Publicado nesta segunda-feira (30\/03), o Edital recebe propostas at\u00e9 20\/04\/2026.<\/li>\n\n\n\n<li>Acordo de Coopera\u00e7\u00e3o T\u00e9cnica com o\u00a0 Minist\u00e9rio da Integra\u00e7\u00e3o e do Desenvolvimento Regional:\u00a0 o documento \u00e9 focado na integra\u00e7\u00e3o da perspectiva de g\u00eanero \u00e0s pol\u00edticas clim\u00e1ticas e de gest\u00e3o de riscos.\u00a0<\/li>\n<\/ul>\n\n\n\n<ul class=\"wp-block-list\">\n<li>Parceria com o Fundo de Popula\u00e7\u00e3o das Na\u00e7\u00f5es Unidas (UNFPA: com investimentos de R$6 milh\u00f5es e vig\u00eancia at\u00e9 2028, para a\u00e7\u00f5es de preven\u00e7\u00e3o \u00e0 viol\u00eancia em regi\u00f5es priorit\u00e1rias, como o territ\u00f3rio Yanomami e o Arquip\u00e9lago do Maraj\u00f3.<\/li>\n\n\n\n<li>Acordo com a Funda\u00e7\u00e3o Nacional de Sa\u00fade (FUNASA): prev\u00ea a implanta\u00e7\u00e3o de 200 sistemas de tratamento de \u00e1gua em territ\u00f3rios quilombolas nas regi\u00f5es Norte e Nordeste, com vig\u00eancia de 24 meses.\u00a0\u00a0<\/li>\n\n\n\n<li>Edital PROFAM \u201cL\u00e9lia Gonzalez, presente!\u201d: curso de forma\u00e7\u00e3o voltado a 150 jovens mulheres, com dura\u00e7\u00e3o de nove meses e investimentos de R$400 mil, em parceria com a Universidade da Integra\u00e7\u00e3o Internacional da Lusofonia Afro-Brasileira (Unilab).\u00a0\u00a0<\/li>\n<\/ul>\n\n\n\n<p>Tamb\u00e9m integram o pacote de a\u00e7\u00f5es e entregas do Minist\u00e9rio das Mulheres: curso de forma\u00e7\u00e3o de gestoras (R$ 2,1 milh\u00f5es at\u00e9 novembro de 2027); apoio a 289 munic\u00edpios, com investimento inicial de R$10 milh\u00f5es; acordo com a SECOM\/PR para enfrentamento da misoginia no ambiente digital; produ\u00e7\u00e3o e difus\u00e3o de cartilhas sobre&nbsp;<a href=\"https:\/\/www.gov.br\/mulheres\/pt-br\/central-de-conteudos\/publicacoes\/DIGITALCartilhaMPUsCGDJ.pdf\">medidas protetivas em linguagem acess\u00edvel<\/a>&nbsp;e sobre&nbsp;<a href=\"https:\/\/www.gov.br\/mulheres\/pt-br\/central-de-conteudos\/noticias\/2026\/marco\/ministerio-das-mulheres-e-unfpa-lancam-cartilhas-sobre-lei-maria-da-penha-e-enfrentamento-a-violencia-sexual\">Lei Maria da Penha e viol\u00eancia sexual em parceria com o UNFPA<\/a>.<\/p>\n\n\n\n<p><strong>Oficina \u201cProtocolo Mulheres e Emerg\u00eancias Clim\u00e1ticas\u201d&nbsp;<\/strong><\/p>\n\n\n\n<p>No primeiro dia do encontro, a secret\u00e1ria Nacional de Articula\u00e7\u00e3o Institucional, A\u00e7\u00f5es Tem\u00e1ticas e Participa\u00e7\u00e3o Pol\u00edtica do Minist\u00e9rio das Mulheres, Sandra Kennedy, ministrou a oficina \u201cProtocolo &#8211; Mulheres e Emerg\u00eancias Clim\u00e1ticas: Diretrizes e Recomenda\u00e7\u00f5es para a Prote\u00e7\u00e3o de Direitos na Gest\u00e3o de Riscos e Desastres&#8221;.<\/p>\n\n\n\n<p>&#8220;O protocolo traz uma riqueza de a\u00e7\u00f5es ao pensar as mulheres em suas necessidades, em seus territ\u00f3rios. Estamos falando de preven\u00e7\u00e3o, de gest\u00e3o de risco e tamb\u00e9m do p\u00f3s-evento, que engloba todo o processo de autonomia econ\u00f4mica e recupera\u00e7\u00e3o da vida das mulheres\u201d, destacou a secret\u00e1ria Sandra Kennedy.<\/p>\n\n\n\n<p>Na ter\u00e7a-feira (31) haver\u00e1 mesas tem\u00e1ticas, com debates sobre estrat\u00e9gias de enfrentamento \u00e0 viol\u00eancia contra mulheres, mudan\u00e7as clim\u00e1ticas e pol\u00edticas intersetoriais.&nbsp;<\/p>\n\n\n\n<p>Um dos destaques do dia ser\u00e1 a Reuni\u00e3o do F\u00f3rum de Gestoras de Pol\u00edticas para as Mulheres, com in\u00edcio \u00e0s 16h40, e a estrutura\u00e7\u00e3o do Sistema Nacional de Pol\u00edticas para as Mulheres.&nbsp;&nbsp;&nbsp;&nbsp;&nbsp;<\/p>\n\n\n\n<p><a href=\"https:\/\/www.gov.br\/mulheres\/pt-br\/central-de-conteudos\/noticias\/2026\/marco\/ministerio-das-mulheres-realizara-encontro-de-gestoras-de-politicas-publicas-para-mulheres-em-fortaleza\">Acesse aqui<\/a>\u00a0a programa\u00e7\u00e3o completa do Encontro de Gestoras de Pol\u00edticas P\u00fablicas para Mulheres em Fortaleza.<\/p>\n\n\n\n<p>Fonte: Gov.br<\/p>\n\n\n\n<p><\/p>\n","protected":false},"excerpt":{"rendered":"<div class=\"mh-excerpt\"><p>A ministra das Mulheres, M\u00e1rcia Lopes, anunciou nesta segunda-feira (30), em Fortaleza (CE), durante a cerim\u00f4nia de abertura do Encontro de Gestoras de Pol\u00edticas P\u00fablicas <a class=\"mh-excerpt-more\" href=\"https:\/\/unicopas.org.br\/noticias\/ministerio-das-mulheres-realiza-encontro-de-gestoras-publicas-e-anuncia-pacote-de-acoes-sobre-protecao-e-direitos-das-mulheres\/\" title=\"Minist\u00e9rio das Mulheres realiza Encontro de Gestoras P\u00fablicas e anuncia pacote de a\u00e7\u00f5es sobre prote\u00e7\u00e3o e direitos das mulheres\">[&#8230;]<\/a><\/p>\n<\/div>","protected":false},"author":5,"featured_media":38230,"comment_status":"closed","ping_status":"open","sticky":false,"template":"","format":"standard","meta":{"_coblocks_attr":"","_coblocks_dimensions":"","_coblocks_responsive_height":"","_coblocks_accordion_ie_support":"","footnotes":""},"categories":[1],"tags":[],"class_list":["post-38229","post","type-post","status-publish","format-standard","has-post-thumbnail","hentry","category-noticias"],"_links":{"self":[{"href":"https:\/\/unicopas.org.br\/noticias\/wp-json\/wp\/v2\/posts\/38229","targetHints":{"allow":["GET"]}}],"collection":[{"href":"https:\/\/unicopas.org.br\/noticias\/wp-json\/wp\/v2\/posts"}],"about":[{"href":"https:\/\/unicopas.org.br\/noticias\/wp-json\/wp\/v2\/types\/post"}],"author":[{"embeddable":true,"href":"https:\/\/unicopas.org.br\/noticias\/wp-json\/wp\/v2\/users\/5"}],"replies":[{"embeddable":true,"href":"https:\/\/unicopas.org.br\/noticias\/wp-json\/wp\/v2\/comments?post=38229"}],"version-history":[{"count":1,"href":"https:\/\/unicopas.org.br\/noticias\/wp-json\/wp\/v2\/posts\/38229\/revisions"}],"predecessor-version":[{"id":38231,"href":"https:\/\/unicopas.org.br\/noticias\/wp-json\/wp\/v2\/posts\/38229\/revisions\/38231"}],"wp:featuredmedia":[{"embeddable":true,"href":"https:\/\/unicopas.org.br\/noticias\/wp-json\/wp\/v2\/media\/38230"}],"wp:attachment":[{"href":"https:\/\/unicopas.org.br\/noticias\/wp-json\/wp\/v2\/media?parent=38229"}],"wp:term":[{"taxonomy":"category","embeddable":true,"href":"https:\/\/unicopas.org.br\/noticias\/wp-json\/wp\/v2\/categories?post=38229"},{"taxonomy":"post_tag","embeddable":true,"href":"https:\/\/unicopas.org.br\/noticias\/wp-json\/wp\/v2\/tags?post=38229"}],"curies":[{"name":"wp","href":"https:\/\/api.w.org\/{rel}","templated":true}]}}