{"id":37262,"date":"2024-12-12T21:26:03","date_gmt":"2024-12-13T00:26:03","guid":{"rendered":"https:\/\/unicopas.org.br\/noticias\/?p=37262"},"modified":"2024-12-12T21:26:06","modified_gmt":"2024-12-13T00:26:06","slug":"programa-paul-singer-fortalece-economia-popular-e-solidaria","status":"publish","type":"post","link":"https:\/\/unicopas.org.br\/noticias\/programa-paul-singer-fortalece-economia-popular-e-solidaria\/","title":{"rendered":"Programa Paul Singer fortalece Economia Popular e Solid\u00e1ria"},"content":{"rendered":"\n<p>Agentes em todos os territ\u00f3rios do pa\u00eds v\u00e3o promover a cria\u00e7\u00e3o de novas cooperativas e associa\u00e7\u00f5es, al\u00e9m de organizar as j\u00e1 existentes.<\/p>\n\n\n\n<p>Lan\u00e7ado na segunda-feira (9), o Programa de Forma\u00e7\u00e3o Paul Singer de Agentes em Economia Popular e Solid\u00e1ria tem como objetivo impulsionar esse modelo econ\u00f4mico no Brasil e realizar um diagn\u00f3stico dos empreendimentos que seguem seus princ\u00edpios. A cerim\u00f4nia de lan\u00e7amento marcou o in\u00edcio da Semana Nacional de Economia Popular e Solid\u00e1ria, organizada pelo Minist\u00e9rio do Trabalho e Emprego (MTE), que se estende at\u00e9 sexta-feira (13). O evento foi realizado na sede da Confedera\u00e7\u00e3o Nacional dos Trabalhadores na Agricultura (CONTAG), em Bras\u00edlia, com a participa\u00e7\u00e3o do secret\u00e1rio Nacional de Economia Popular e Solid\u00e1ria do MTE, Gilberto Carvalho, e do presidente da Funda\u00e7\u00e3o Jorge Duprat Figueiredo de Seguran\u00e7a e Medicina do Trabalho (Fundacentro), Jos\u00e9 Cloves da Silva, parceiro do programa.<\/p>\n\n\n\n<p>O programa prev\u00ea a distribui\u00e7\u00e3o de mil agentes por todo o Brasil, com coordena\u00e7\u00e3o estadual e gerenciamento da Secretaria Nacional de Economia Popular e Solid\u00e1ria (Senaes). A principal fun\u00e7\u00e3o dos agentes \u00e9 fomentar o associativismo em seus territ\u00f3rios e articular pol\u00edticas sociais para fortalecer os empreendimentos de economia popular e solid\u00e1ria. Segundo o secret\u00e1rio Gilberto Carvalho, isso tamb\u00e9m permitir\u00e1 a atualiza\u00e7\u00e3o do Cadastro Nacional de Empreendimentos Econ\u00f4micos Solid\u00e1rios (CadSol), uma ferramenta que monitora essas iniciativas, possibilitando a participa\u00e7\u00e3o em compras p\u00fablicas e acesso a linhas de cr\u00e9dito. O CadSol est\u00e1 desatualizado desde 2016, quando registrava 20.670 empreendimentos com 1.425.158 trabalhadores.&nbsp;&nbsp;<\/p>\n\n\n\n<p>\u201cA economia popular e solid\u00e1ria \u00e9 fundamental porque ela mexe com o econ\u00f4mico, e nada \u00e9 mais importante que a sobreviv\u00eancia das pessoas. Se mostrarmos de maneira virtuosa que \u00e9 poss\u00edvel produzir, comercializar e consumir de uma forma diferente, com respeito \u00e0 natureza, com autogest\u00e3o e com posse dos meios de produ\u00e7\u00e3o, plantaremos a semente de uma nova sociedade\u201d, destacou o secret\u00e1rio.<\/p>\n\n\n\n<p>Gilberto Carvalho tamb\u00e9m ressaltou a import\u00e2ncia da parceria com a Fundacentro na promo\u00e7\u00e3o da sa\u00fade e seguran\u00e7a no trabalho. \u201c\u00c9 imposs\u00edvel pensar em economia solid\u00e1ria, sem qualidade no trabalho. Essa n\u00e3o \u00e9 apenas uma parceria t\u00e9cnica e, tamb\u00e9m estrat\u00e9gica\u201d, afirmou.<\/p>\n\n\n\n<p>A Fundacentro \u00e9 um instituto de ci\u00eancia e tecnologia dedicado \u00e0 pesquisa e capacita\u00e7\u00e3o nas \u00e1reas de sa\u00fade e seguran\u00e7a no trabalho, com foco na preven\u00e7\u00e3o de acidentes e doen\u00e7as laborais. O presidente da institui\u00e7\u00e3o, Jos\u00e9 Cloves da Silva, ressaltou que, por meio de uma parceria com o programa de economia popular e solid\u00e1ria, foi criado um grupo de estudos voltado para os trabalhadores desse setor. \u201cO trabalho decente tem que ser em todos os lugares, n\u00e3o apenas no trabalho formal, com CLT. \u00c9 no dia a dia. A Fundacentro produz conhecimento e essa parceria ser\u00e1 importante para dissemin\u00e1-lo\u201d, comentou Silva.<\/p>\n\n\n\n<p>Para o secret\u00e1rio-executivo do MTE, Francisco Macena, a economia solid\u00e1ria \u00e9 uma forma de promover o trabalho decente na sociedade, garantindo uma divis\u00e3o justa das riquezas. Macena destaca que, embora a sociedade esteja cada vez mais focada no empreendedorismo, nem todos t\u00eam acesso ao sucesso. \u201cA disputa do que \u00e9 o trabalho, a dignidade do trabalho, deve ser feita por meio da economia solid\u00e1ria, da economia criativa, da solidariedade, permitindo que todos aqueles que buscam, por meio do trabalho, ter dignidade e renda\u201d, afirmou Macena<\/p>\n\n\n\n<p>O lan\u00e7amento do programa contou com a presen\u00e7a de diversas autoridades, incluindo Lilian dos Santos Rahal, secret\u00e1ria Nacional de Seguran\u00e7a Alimentar e Nutricional do Minist\u00e9rio do Desenvolvimento e Assist\u00eancia Social, Fam\u00edlia e Combate \u00e0 Fome (MDS); Maria Rocineide Ferreira da Silva, coordenadora Geral de Articula\u00e7\u00e3o Interfederativa e Participativa do Minist\u00e9rio da Sa\u00fade; e Aristides dos Santos, presidente da Contag.<\/p>\n\n\n\n<p><strong>O que \u00e9 a Economia Popular e Solid\u00e1ria<\/strong><\/p>\n\n\n\n<p>A economia popular e solid\u00e1ria \u00e9 baseada na coopera\u00e7\u00e3o, solidariedade e autogest\u00e3o, visando promover a inclus\u00e3o social e a gera\u00e7\u00e3o de renda. Esse modelo econ\u00f4mico tem se consolidado como uma alternativa vi\u00e1vel e eficaz para enfrentar a desigualdade social e a exclus\u00e3o econ\u00f4mica.&nbsp; Nesse sistema, os trabalhadores se organizam coletivamente em cooperativas, associa\u00e7\u00f5es ou grupos de produ\u00e7\u00e3o, compartilhando os meios de produ\u00e7\u00e3o e os resultados do trabalho de forma igualit\u00e1ria, priorizando o bem-estar coletivo, a preserva\u00e7\u00e3o do meio ambiente e a valoriza\u00e7\u00e3o da cultura local. Esses empreendimentos est\u00e3o no campo e nas cidades, s\u00e3o cooperativas ou associa\u00e7\u00f5es de agricultores familiares, prestadores de servi\u00e7os, institui\u00e7\u00f5es de finan\u00e7as solid\u00e1rias ou plataformas digitais.&nbsp;<\/p>\n\n\n\n<p>Fonte: Gov.br\/Minist\u00e9rio do Trabalho e Emprego<\/p>\n","protected":false},"excerpt":{"rendered":"<div class=\"mh-excerpt\"><p>Agentes em todos os territ\u00f3rios do pa\u00eds v\u00e3o promover a cria\u00e7\u00e3o de novas cooperativas e associa\u00e7\u00f5es, al\u00e9m de organizar as j\u00e1 existentes. Lan\u00e7ado na segunda-feira <a class=\"mh-excerpt-more\" href=\"https:\/\/unicopas.org.br\/noticias\/programa-paul-singer-fortalece-economia-popular-e-solidaria\/\" title=\"Programa Paul Singer fortalece Economia Popular e Solid\u00e1ria\">[&#8230;]<\/a><\/p>\n<\/div>","protected":false},"author":5,"featured_media":37263,"comment_status":"closed","ping_status":"open","sticky":false,"template":"","format":"standard","meta":{"_coblocks_attr":"","_coblocks_dimensions":"","_coblocks_responsive_height":"","_coblocks_accordion_ie_support":"","footnotes":""},"categories":[1],"tags":[75],"class_list":["post-37262","post","type-post","status-publish","format-standard","has-post-thumbnail","hentry","category-noticias","tag-economia-solidaria"],"_links":{"self":[{"href":"https:\/\/unicopas.org.br\/noticias\/wp-json\/wp\/v2\/posts\/37262","targetHints":{"allow":["GET"]}}],"collection":[{"href":"https:\/\/unicopas.org.br\/noticias\/wp-json\/wp\/v2\/posts"}],"about":[{"href":"https:\/\/unicopas.org.br\/noticias\/wp-json\/wp\/v2\/types\/post"}],"author":[{"embeddable":true,"href":"https:\/\/unicopas.org.br\/noticias\/wp-json\/wp\/v2\/users\/5"}],"replies":[{"embeddable":true,"href":"https:\/\/unicopas.org.br\/noticias\/wp-json\/wp\/v2\/comments?post=37262"}],"version-history":[{"count":1,"href":"https:\/\/unicopas.org.br\/noticias\/wp-json\/wp\/v2\/posts\/37262\/revisions"}],"predecessor-version":[{"id":37264,"href":"https:\/\/unicopas.org.br\/noticias\/wp-json\/wp\/v2\/posts\/37262\/revisions\/37264"}],"wp:featuredmedia":[{"embeddable":true,"href":"https:\/\/unicopas.org.br\/noticias\/wp-json\/wp\/v2\/media\/37263"}],"wp:attachment":[{"href":"https:\/\/unicopas.org.br\/noticias\/wp-json\/wp\/v2\/media?parent=37262"}],"wp:term":[{"taxonomy":"category","embeddable":true,"href":"https:\/\/unicopas.org.br\/noticias\/wp-json\/wp\/v2\/categories?post=37262"},{"taxonomy":"post_tag","embeddable":true,"href":"https:\/\/unicopas.org.br\/noticias\/wp-json\/wp\/v2\/tags?post=37262"}],"curies":[{"name":"wp","href":"https:\/\/api.w.org\/{rel}","templated":true}]}}