{"id":37224,"date":"2024-10-25T17:49:55","date_gmt":"2024-10-25T20:49:55","guid":{"rendered":"https:\/\/unicopas.org.br\/noticias\/?p=37224"},"modified":"2024-10-25T17:51:51","modified_gmt":"2024-10-25T20:51:51","slug":"curso-qualificacao-para-incidencia-na-agenda-internacional-disponivel-no-youtube","status":"publish","type":"post","link":"https:\/\/unicopas.org.br\/noticias\/curso-qualificacao-para-incidencia-na-agenda-internacional-disponivel-no-youtube\/","title":{"rendered":"Curso \u2018Qualifica\u00e7\u00e3o para incid\u00eancia na agenda internacional\u2019 dispon\u00edvel no Youtube"},"content":{"rendered":"\n<p><em>Promovida pela Unisol Brasil e Unicopas com o apoio da Uni\u00e3o Europeia, capacita\u00e7\u00e3o formou mais de 70 lideran\u00e7as do cooperativismo solid\u00e1rio<\/em><\/p>\n\n\n\n<p>J\u00e1 est\u00e1 <a href=\"https:\/\/www.youtube.com\/watch?v=HDSznEgS9uc&amp;list=PLcvhYidFudBgKcKfhfmarWf_Y3nYQOYd_\" target=\"_blank\" rel=\"noreferrer noopener\">dispon\u00edvel na internet<\/a> para acesso gratuito o curso \u2018Qualifica\u00e7\u00e3o para incid\u00eancia na agenda internacional\u2019.<\/p>\n\n\n\n<p>Promovido pela Unisol Brasil e Unicopas com o apoio da Uni\u00e3o Europeia e do Centro de Forma\u00e7\u00e3o em Ci\u00eancias Humanas e Artes (Humanitas), o curso teve o objetivo de capacitar lideran\u00e7as do cooperativismo solid\u00e1rio para atuar em pautas globais, com \u00eanfase na Agenda 2030.<\/p>\n\n\n\n<p>Ao todo, mais de 70 pessoas participaram dos encontros, receberam certifica\u00e7\u00e3o e est\u00e3o aptas a serem agentes multiplicadores. &nbsp;&nbsp;&nbsp;&nbsp;<\/p>\n\n\n\n<p><a href=\"https:\/\/www.youtube.com\/watch?v=HDSznEgS9uc&amp;list=PLcvhYidFudBgKcKfhfmarWf_Y3nYQOYd_\" target=\"_blank\" rel=\"noreferrer noopener\">As aulas podem ser acessadas clicando aqui.<\/a><\/p>\n\n\n\n<p>Dentre os principais temas abordados durante a capacita\u00e7\u00e3o estavam: governan\u00e7a global e participa\u00e7\u00e3o das organiza\u00e7\u00f5es da sociedade civil na agenda das mudan\u00e7as clim\u00e1ticas; a import\u00e2ncia da representatividade das mulheres na pol\u00edtica; promo\u00e7\u00e3o da igualdade racial, entre outros.<\/p>\n\n\n\n<p>Confira os destaques clicando nos links a seguir:<\/p>\n\n\n\n<p><a href=\"https:\/\/unicopas.org.br\/noticias\/incidencia-internacional-para-o-fortalecimento-do-cooperativismo-solidario\/\">Incid\u00eancia internacional para o fortalecimento do cooperativismo solid\u00e1rio<\/a><\/p>\n\n\n\n<p><a href=\"https:\/\/unicopas.org.br\/noticias\/a-importancia-da-representatividade-das-mulheres-na-politica\/\">A import\u00e2ncia da representatividade das mulheres na pol\u00edtica<\/a><\/p>\n\n\n\n<p><a href=\"https:\/\/unicopas.org.br\/noticias\/ods-18-e-a-promocao-da-igualdade-racial-a-partir-do-enfrentamento-ao-racismo\/\">ODS 18 e a promo\u00e7\u00e3o da igualdade racial a partir do enfrentamento ao racismo<\/a><\/p>\n\n\n\n<p>Assista ao curso \u2018Qualifica\u00e7\u00e3o para incid\u00eancia na agenda internacional\u2019:<\/p>\n\n\n\n<figure class=\"wp-block-embed is-type-video is-provider-youtube wp-block-embed-youtube wp-embed-aspect-16-9 wp-has-aspect-ratio\"><div class=\"wp-block-embed__wrapper\">\n<div class=\"epyt-video-wrapper\"><iframe loading=\"lazy\"  id=\"_ytid_33536\"  width=\"480\" height=\"270\"  data-origwidth=\"480\" data-origheight=\"270\" src=\"https:\/\/www.youtube.com\/embed\/HDSznEgS9uc?enablejsapi=1&#038;list=PLcvhYidFudBgKcKfhfmarWf_Y3nYQOYd_&#038;autoplay=0&#038;cc_load_policy=0&#038;cc_lang_pref=&#038;iv_load_policy=1&#038;loop=0&#038;modestbranding=0&#038;rel=0&#038;fs=1&#038;playsinline=0&#038;autohide=2&#038;theme=dark&#038;color=red&#038;controls=1&#038;\" class=\"__youtube_prefs__  epyt-is-override  no-lazyload\" title=\"YouTube player\"  allow=\"accelerometer; autoplay; clipboard-write; encrypted-media; gyroscope; picture-in-picture\" allowfullscreen data-no-lazy=\"1\" data-skipgform_ajax_framebjll=\"\"><\/iframe><\/div>\n<\/div><\/figure>\n","protected":false},"excerpt":{"rendered":"<div class=\"mh-excerpt\"><p>Promovida pela Unisol Brasil e Unicopas com o apoio da Uni\u00e3o Europeia, capacita\u00e7\u00e3o formou mais de 70 lideran\u00e7as do cooperativismo solid\u00e1rio<\/p>\n<\/div>","protected":false},"author":5,"featured_media":37225,"comment_status":"closed","ping_status":"open","sticky":false,"template":"","format":"standard","meta":{"_coblocks_attr":"","_coblocks_dimensions":"","_coblocks_responsive_height":"","_coblocks_accordion_ie_support":"","footnotes":""},"categories":[1],"tags":[],"class_list":["post-37224","post","type-post","status-publish","format-standard","has-post-thumbnail","hentry","category-noticias"],"_links":{"self":[{"href":"https:\/\/unicopas.org.br\/noticias\/wp-json\/wp\/v2\/posts\/37224","targetHints":{"allow":["GET"]}}],"collection":[{"href":"https:\/\/unicopas.org.br\/noticias\/wp-json\/wp\/v2\/posts"}],"about":[{"href":"https:\/\/unicopas.org.br\/noticias\/wp-json\/wp\/v2\/types\/post"}],"author":[{"embeddable":true,"href":"https:\/\/unicopas.org.br\/noticias\/wp-json\/wp\/v2\/users\/5"}],"replies":[{"embeddable":true,"href":"https:\/\/unicopas.org.br\/noticias\/wp-json\/wp\/v2\/comments?post=37224"}],"version-history":[{"count":3,"href":"https:\/\/unicopas.org.br\/noticias\/wp-json\/wp\/v2\/posts\/37224\/revisions"}],"predecessor-version":[{"id":37228,"href":"https:\/\/unicopas.org.br\/noticias\/wp-json\/wp\/v2\/posts\/37224\/revisions\/37228"}],"wp:featuredmedia":[{"embeddable":true,"href":"https:\/\/unicopas.org.br\/noticias\/wp-json\/wp\/v2\/media\/37225"}],"wp:attachment":[{"href":"https:\/\/unicopas.org.br\/noticias\/wp-json\/wp\/v2\/media?parent=37224"}],"wp:term":[{"taxonomy":"category","embeddable":true,"href":"https:\/\/unicopas.org.br\/noticias\/wp-json\/wp\/v2\/categories?post=37224"},{"taxonomy":"post_tag","embeddable":true,"href":"https:\/\/unicopas.org.br\/noticias\/wp-json\/wp\/v2\/tags?post=37224"}],"curies":[{"name":"wp","href":"https:\/\/api.w.org\/{rel}","templated":true}]}}