{"id":37137,"date":"2024-08-16T11:47:01","date_gmt":"2024-08-16T14:47:01","guid":{"rendered":"https:\/\/unicopas.org.br\/noticias\/?p=37137"},"modified":"2024-08-20T11:41:17","modified_gmt":"2024-08-20T14:41:17","slug":"seminario-estadual-da-unicopas-acontece-na-proxima-semana-em-sergipe","status":"publish","type":"post","link":"https:\/\/unicopas.org.br\/noticias\/seminario-estadual-da-unicopas-acontece-na-proxima-semana-em-sergipe\/","title":{"rendered":"Semin\u00e1rio Estadual da Unicopas acontece esta semana em Sergipe"},"content":{"rendered":"\n<p>Nos dias 22 e 23 de agosto, a Uni\u00e3o Nacional das Organiza\u00e7\u00f5es Cooperativistas Solid\u00e1rias (Unicopas) vai realizar em Aracaju (SE) o Semin\u00e1rio Estadual de Fortalecimento da Rede Unicopas das Cooperativas, Associa\u00e7\u00f5es e Agroind\u00fastrias da Agricultura Familiar, Reforma Agr\u00e1ria e Economia Solid\u00e1ria.<\/p>\n\n\n\n<p>O evento deve reunir cerca de 40 representantes de cooperativas e associa\u00e7\u00f5es ligadas \u00e0 reforma agr\u00e1ria, agricultura familiar, empreendimentos solid\u00e1rios e catadores e catadoras. A ideia \u00e9 promover o avan\u00e7o do cooperativismo e da economia solid\u00e1ria, por meio de discuss\u00f5es em grupo sobre gest\u00e3o, forma\u00e7\u00e3o e como apoiar e fortalecer iniciativas locais.<\/p>\n\n\n\n<p>O Semin\u00e1rio busca integrar ainda mais as cooperativas e associa\u00e7\u00f5es da Rede Unicopas em Sergipe, destacando a import\u00e2ncia da participa\u00e7\u00e3o de mulheres e jovens nesses processos.<\/p>\n\n\n\n<p>Confira a <strong><a href=\"http:\/\/unicopas.org.br\/noticias\/wp-content\/uploads\/sites\/2\/2024\/08\/Programacao-Seminario-Sergipe-2024-2.pdf\">programa\u00e7\u00e3o completa<\/a>.<\/strong><\/p>\n\n\n\n<div class=\"wp-block-columns is-layout-flex wp-container-core-columns-is-layout-9d6595d7 wp-block-columns-is-layout-flex\">\n<div class=\"wp-block-column is-layout-flow wp-block-column-is-layout-flow\" style=\"flex-basis:100%\"><\/div>\n<\/div>\n","protected":false},"excerpt":{"rendered":"<div class=\"mh-excerpt\"><p>O evento visa promover a troca de experi\u00eancias e o fortalecimento de cooperativas locais<\/p>\n<\/div>","protected":false},"author":5,"featured_media":37138,"comment_status":"closed","ping_status":"open","sticky":false,"template":"","format":"standard","meta":{"_coblocks_attr":"","_coblocks_dimensions":"","_coblocks_responsive_height":"","_coblocks_accordion_ie_support":"","footnotes":""},"categories":[494,492,40,493,39,38,1,491],"tags":[67,640,75,579,104,105,106,624],"class_list":["post-37137","post","type-post","status-publish","format-standard","has-post-thumbnail","hentry","category-campo","category-cidade","category-direitos-humanos","category-incidencia-unicopas","category-juventudes","category-mulheres","category-noticias","category-unicopas","tag-cooperativismo-solidario","tag-cooperativismo-solidario-em-sergipe","tag-economia-solidaria","tag-seminario-regional","tag-unicafes","tag-unicatadores","tag-unicopas","tag-unicrab"],"_links":{"self":[{"href":"https:\/\/unicopas.org.br\/noticias\/wp-json\/wp\/v2\/posts\/37137","targetHints":{"allow":["GET"]}}],"collection":[{"href":"https:\/\/unicopas.org.br\/noticias\/wp-json\/wp\/v2\/posts"}],"about":[{"href":"https:\/\/unicopas.org.br\/noticias\/wp-json\/wp\/v2\/types\/post"}],"author":[{"embeddable":true,"href":"https:\/\/unicopas.org.br\/noticias\/wp-json\/wp\/v2\/users\/5"}],"replies":[{"embeddable":true,"href":"https:\/\/unicopas.org.br\/noticias\/wp-json\/wp\/v2\/comments?post=37137"}],"version-history":[{"count":8,"href":"https:\/\/unicopas.org.br\/noticias\/wp-json\/wp\/v2\/posts\/37137\/revisions"}],"predecessor-version":[{"id":37156,"href":"https:\/\/unicopas.org.br\/noticias\/wp-json\/wp\/v2\/posts\/37137\/revisions\/37156"}],"wp:featuredmedia":[{"embeddable":true,"href":"https:\/\/unicopas.org.br\/noticias\/wp-json\/wp\/v2\/media\/37138"}],"wp:attachment":[{"href":"https:\/\/unicopas.org.br\/noticias\/wp-json\/wp\/v2\/media?parent=37137"}],"wp:term":[{"taxonomy":"category","embeddable":true,"href":"https:\/\/unicopas.org.br\/noticias\/wp-json\/wp\/v2\/categories?post=37137"},{"taxonomy":"post_tag","embeddable":true,"href":"https:\/\/unicopas.org.br\/noticias\/wp-json\/wp\/v2\/tags?post=37137"}],"curies":[{"name":"wp","href":"https:\/\/api.w.org\/{rel}","templated":true}]}}