{"id":36854,"date":"2023-08-04T18:49:16","date_gmt":"2023-08-04T21:49:16","guid":{"rendered":"https:\/\/unicopas.org.br\/noticias\/?p=36854"},"modified":"2023-08-04T19:26:03","modified_gmt":"2023-08-04T22:26:03","slug":"unicopas-marca-presenca-na-rede-de-gestores-de-politicas-publicas-de-economia-solidaria","status":"publish","type":"post","link":"https:\/\/unicopas.org.br\/noticias\/unicopas-marca-presenca-na-rede-de-gestores-de-politicas-publicas-de-economia-solidaria\/","title":{"rendered":"Unicopas marca presen\u00e7a na Rede de Gestores de Pol\u00edticas P\u00fablicas de Economia Solid\u00e1ria"},"content":{"rendered":"\n<p>Em comemora\u00e7\u00e3o aos 20 anos de atua\u00e7\u00e3o da Rede de Gestores de Pol\u00edticas P\u00fablicas de Economia Solid\u00e1ria, representantes de entidades de fomento, empreendimentos econ\u00f4micos solid\u00e1rios, movimentos sociais, pesquisadores e organiza\u00e7\u00f5es da economia solid\u00e1ria se reuniram em evento nacional, em Salvador (BA), nos dias 2, 3 e 4 de agosto.<\/p>\n\n\n\n<p>A Unicopas (Uni\u00e3o Nacional das Organiza\u00e7\u00f5es Cooperativistas Solid\u00e1rias) marcou presen\u00e7a no evento e foi representada por Arildo Mota, atual presidente da Unisol Brasil; Regina Dantas de Carvalho, Secret\u00e1ria Nacional da Unicafes e Jeane dos Santos, coordenadora estadual da Unicatadores. Durante o evento, a Unicopas participou da mesa de\u00a0debate sobre Marco regulat\u00f3rio \u2013 Reconhecimento Legal e Promo\u00e7\u00e3o da Economia Solid\u00e1ria nos Estados e Munic\u00edpios.<\/p>\n\n\n\n<p>\u201cTemos o grande desafio de fortalecer a Economia Solid\u00e1ria a partir da autogest\u00e3o, do cooperativismo e do associativismo. Aqui tivemos a oportunidade de debater as pautas da base, dos estados, dos munic\u00edpios e das ruas para que a Rede de Gestores possa constituir pol\u00edticas p\u00fablicas que atendam a todos e todas\u201d, ressaltou Arildo Mota.<\/p>\n\n\n\n<p>Cerca de 300 gestores e gestoras que atuam no segmento participaram do evento, al\u00e9m de organiza\u00e7\u00f5es fundamentais na constru\u00e7\u00e3o da Economia Solid\u00e1ria. O encontro contou com palestras, debates, mostras de solu\u00e7\u00f5es pr\u00e1ticas e atra\u00e7\u00f5es culturais.<\/p>\n\n\n\n<p>Jeane dos Santos, da Unicatadores e catadora de materiais recicl\u00e1veis na cooperativa Cana Recicla, tamb\u00e9m representou a Unicopas no evento. Para ela, o encontro de gestores apresentou um leque de possibilidades para o avan\u00e7o da Economia Solid\u00e1ria no Pa\u00eds. &#8220;Percebi que nossa categoria, dos catadores, ganhou destaque nesta edi\u00e7\u00e3o da Rede de Gestores e isso me deixou ainda mais motivada a continuar na luta. A Economia Solid\u00e1ria \u00e9 praticada por todos n\u00f3s, que nos reunimos e nos organizamos por cooperativas e associa\u00e7\u00f5es de formas diferentes e fazendo o repasse e a circula\u00e7\u00e3o de renda pelo Brasil&#8221;.<\/p>\n\n\n\n<p><strong>Rede de Gestores de Pol\u00edticas P\u00fablicas de Economia Solid\u00e1ria<\/strong><\/p>\n\n\n\n<p>A Rede \u00e9 uma articula\u00e7\u00e3o de gestores e gestoras de pol\u00edticas de economia solid\u00e1ria que tem como objetivo proporcionar interc\u00e2mbio, interlocu\u00e7\u00e3o, intera\u00e7\u00e3o, sistematiza\u00e7\u00e3o, proposi\u00e7\u00e3o de pol\u00edticas p\u00fablicas governamentais e realiza\u00e7\u00e3o de projetos comuns para o fomento e desenvolvimento da economia solid\u00e1ria, buscando qualificar a proposi\u00e7\u00e3o e a\u00e7\u00f5es desenvolvidas a partir dos \u00f3rg\u00e3os de governo para este segmento.<\/p>\n\n\n\n<p>Neste ano, a Rede comemora duas d\u00e9cadas de atua\u00e7\u00e3o fomentando o desenvolvimento, promovendo articula\u00e7\u00f5es e interc\u00e2mbio, al\u00e9m de proposi\u00e7\u00f5es de pol\u00edticas p\u00fablicas no Brasil. A Bahia foi escolhida para abrigar o evento porque o estado \u00e9 uma refer\u00eancia nacional nas pol\u00edticas p\u00fablicas de Economia Solid\u00e1ria.<\/p>\n\n\n\n<p><\/p>\n\n\n\n<p>Com informa\u00e7\u00f5es:<\/p>\n\n\n\n<p>Rede de Gestores de Pol\u00edticas P\u00fablicas de Economia Solid\u00e1ria e Governo da Bahia<\/p>\n","protected":false},"excerpt":{"rendered":"<div class=\"mh-excerpt\"><p>Rede de Gestores de Pol\u00edticas P\u00fablicas de Economia Solid\u00e1ria comemora 20 anos de atua\u00e7\u00e3o <\/p>\n<\/div>","protected":false},"author":5,"featured_media":36855,"comment_status":"closed","ping_status":"open","sticky":false,"template":"","format":"standard","meta":{"_coblocks_attr":"","_coblocks_dimensions":"","_coblocks_responsive_height":"","_coblocks_accordion_ie_support":"","footnotes":""},"categories":[494,492,40,493,39,38,1,491],"tags":[184,64,65,66,67,75,596,104,105,106,107],"class_list":["post-36854","post","type-post","status-publish","format-standard","has-post-thumbnail","hentry","category-campo","category-cidade","category-direitos-humanos","category-incidencia-unicopas","category-juventudes","category-mulheres","category-noticias","category-unicopas","tag-concrab","tag-cooperativas","tag-cooperativismo","tag-cooperativismo-social","tag-cooperativismo-solidario","tag-economia-solidaria","tag-rede-de-gestores-de-politicas-publicas-de-economia-solidaria","tag-unicafes","tag-unicatadores","tag-unicopas","tag-unisol"],"_links":{"self":[{"href":"https:\/\/unicopas.org.br\/noticias\/wp-json\/wp\/v2\/posts\/36854","targetHints":{"allow":["GET"]}}],"collection":[{"href":"https:\/\/unicopas.org.br\/noticias\/wp-json\/wp\/v2\/posts"}],"about":[{"href":"https:\/\/unicopas.org.br\/noticias\/wp-json\/wp\/v2\/types\/post"}],"author":[{"embeddable":true,"href":"https:\/\/unicopas.org.br\/noticias\/wp-json\/wp\/v2\/users\/5"}],"replies":[{"embeddable":true,"href":"https:\/\/unicopas.org.br\/noticias\/wp-json\/wp\/v2\/comments?post=36854"}],"version-history":[{"count":2,"href":"https:\/\/unicopas.org.br\/noticias\/wp-json\/wp\/v2\/posts\/36854\/revisions"}],"predecessor-version":[{"id":36857,"href":"https:\/\/unicopas.org.br\/noticias\/wp-json\/wp\/v2\/posts\/36854\/revisions\/36857"}],"wp:featuredmedia":[{"embeddable":true,"href":"https:\/\/unicopas.org.br\/noticias\/wp-json\/wp\/v2\/media\/36855"}],"wp:attachment":[{"href":"https:\/\/unicopas.org.br\/noticias\/wp-json\/wp\/v2\/media?parent=36854"}],"wp:term":[{"taxonomy":"category","embeddable":true,"href":"https:\/\/unicopas.org.br\/noticias\/wp-json\/wp\/v2\/categories?post=36854"},{"taxonomy":"post_tag","embeddable":true,"href":"https:\/\/unicopas.org.br\/noticias\/wp-json\/wp\/v2\/tags?post=36854"}],"curies":[{"name":"wp","href":"https:\/\/api.w.org\/{rel}","templated":true}]}}