{"id":36629,"date":"2022-12-22T16:03:32","date_gmt":"2022-12-22T19:03:32","guid":{"rendered":"https:\/\/unicopas.org.br\/noticias\/?p=36629"},"modified":"2022-12-22T16:03:33","modified_gmt":"2022-12-22T19:03:33","slug":"unicopas-consolida-propostas-para-inclusao-de-espacos-da-economia-solidaria-no-novo-governo","status":"publish","type":"post","link":"https:\/\/unicopas.org.br\/noticias\/unicopas-consolida-propostas-para-inclusao-de-espacos-da-economia-solidaria-no-novo-governo\/","title":{"rendered":"Unicopas consolida propostas para inclus\u00e3o de espa\u00e7os da Economia Solid\u00e1ria no novo governo"},"content":{"rendered":"\n<p>Desde mar\u00e7o deste ano, com o lan\u00e7amento da <a href=\"https:\/\/unicopas.org.br\/biblioteca\/produto\/plataforma-de_acoes-estrategicas-do-cooperativismo-solidario\/\" target=\"_blank\" rel=\"noreferrer noopener\">Plataforma de A\u00e7\u00f5es Estrat\u00e9gicas do Cooperativismo Solid\u00e1rio<\/a>, a Unicopas (Uni\u00e3o Nacional das Organiza\u00e7\u00f5es do Cooperativismo Solid\u00e1rio) tem atuado na incid\u00eancia pol\u00edtica para desenvolver a\u00e7\u00f5es conjuntas que contribuam para o fortalecimento do cooperativismo solid\u00e1rio e da Economia Solid\u00e1ria em todo o pa\u00eds.\u00a0<\/p>\n\n\n\n<p>Nessa ter\u00e7a-feira (20), a organiza\u00e7\u00e3o se reuniu com o futuro ministro-chefe da Casa Civil, Rui Costa para apresentar as propostas da Unicopas na constru\u00e7\u00e3o de espa\u00e7os no governo para o fortalecimento da Economia Solid\u00e1ria. Durante a reuni\u00e3o, Rui Costa refor\u00e7ou a import\u00e2ncia da transversalidade e a necessidade de pol\u00edticas do setor em diversos minist\u00e9rios. No entanto, no entendimento do n\u00facleo do governo, dois minist\u00e9rios s\u00e3o centrais para o tema: Minist\u00e9rio do Trabalho e Minist\u00e9rio do Desenvolvimento Agr\u00e1rio.&nbsp;&nbsp;<\/p>\n\n\n\n<p>\u201cA Unicopas colocou centralidade na incid\u00eancia durante o governo de transi\u00e7\u00e3o nos GTs Agr\u00e1rio e Trabalho. Ambos garantindo estruturas para o fomento do cooperativismo e Economia Solid\u00e1ria. A reuni\u00e3o com o futuro ministro Rui Costa demonstrou o acerto da Unicopas em apostar nestes dois minist\u00e9rios com hist\u00f3rico de constru\u00e7\u00e3o de pol\u00edticas p\u00fablicas no setor\u201d, observou Leonardo Pinho, dirigente da Unicopas e presidente da Unisol Brasil (Central de Cooperativas e Empreendimentos Solid\u00e1rios).&nbsp;<\/p>\n\n\n\n<p>De acordo com Francisco dal Chiavon, presidente da Unicopas, a participa\u00e7\u00e3o do movimento no Governo de Transi\u00e7\u00e3o mostra o quanto a Unicopas est\u00e1 consolidada e unificada para a constru\u00e7\u00e3o de um pa\u00eds desenvolvido a partir das diretrizes do cooperativismo solid\u00e1rio e da Economia Solid\u00e1ria.<\/p>\n\n\n\n<p>Para Vanderley Ziger, presidente da Unicafes (Uni\u00e3o Nacional das Cooperativas da Agricultura Familiar e Economia Solid\u00e1ria) e participante do GT Agr\u00e1rio, h\u00e1 uma sinaliza\u00e7\u00e3o de que a Economia Solid\u00e1ria ganhar\u00e1 mais for\u00e7a com o Minist\u00e9rio do Trabalho e no novo Minist\u00e9rio do Desenvolvimento Agr\u00e1rio. \u201cEssas estruturas de assessoria em minist\u00e9rios centrais de governo s\u00e3o estruturas que facilitam a articula\u00e7\u00e3o e a integra\u00e7\u00e3o de pol\u00edticas p\u00fablicas do cooperativismo solid\u00e1rio e da Economia Solid\u00e1ria\u201d, destacou.&nbsp;&nbsp;&nbsp;<\/p>\n\n\n\n<p>Al\u00e9m de participar de duas \u00e1reas estrat\u00e9gicas, a Unicopas tamb\u00e9m est\u00e1 presente em tr\u00eas grupos de trabalho no Governo de Transi\u00e7\u00e3o: meio ambiente, juventudes, igualdade racial e popula\u00e7\u00f5es tradicionais.&nbsp;<\/p>\n\n\n\n<p>Claudete Costa, vice-presidenta da Unicopas e presidenta da Unicatadores, avalia com entusiasmo a participa\u00e7\u00e3o da Unicopas neste processo de reconstru\u00e7\u00e3o do desenvolvimento do pa\u00eds. \u201cSomos uma organiza\u00e7\u00e3o voltada ao cooperativismo solid\u00e1rio e priorizamos o trabalho digno aos brasileiros, isso inclui lutar em diferentes \u00e1reas, gerar renda e oportunidades a todos. A contribui\u00e7\u00e3o da Unicopas nos GTs mostra claramente que os trabalhadores do cooperativismo solid\u00e1rio, tanto do meio rural como do meio urbano, est\u00e3o unidos para buscar igualdade e construir pol\u00edticas p\u00fablicas voltadas aos trabalhadores. Creio que no novo governo teremos as condi\u00e7\u00f5es necess\u00e1rias para incluir e crescer com \u00a0sustentabilidade\u201d.\u00a0<br><\/p>\n\n\n\n<p><strong>A\u00e7\u00f5es conjuntas<\/strong><\/p>\n\n\n\n<p>Na semana anterior \u00e0 diploma\u00e7\u00e3o do presidente eleito, Lula, a dire\u00e7\u00e3o da Unicopas realizou uma Plen\u00e1ria online com as quatro centrais afiliadas &#8211; Unicafes Nacional, Unisol Brasil, Concrab e Unicatadores, representantes de associa\u00e7\u00f5es e cooperativas solid\u00e1rias e parlamentares para discutir o fortalecimento da atua\u00e7\u00e3o da Unicopas nos grupos de trabalho do Governo de Transi\u00e7\u00e3o.<\/p>\n\n\n\n<p>Al\u00e9m das propostas j\u00e1 existentes na Plataforma de A\u00e7\u00f5es da Unicopas, os participantes consolidaram os principais eixos do cooperativismo solid\u00e1rio que possam contribuir para o combate \u00e0 fome, a gera\u00e7\u00e3o de trabalho decente e a promo\u00e7\u00e3o da conserva\u00e7\u00e3o e sustentabilidade ambiental com inclus\u00e3o e participa\u00e7\u00e3o de setores das Organiza\u00e7\u00f5es da Sociedade Civil.&nbsp;<\/p>\n\n\n\n<p>&nbsp;Acesse:<\/p>\n\n\n\n<p><a rel=\"noreferrer noopener\" href=\"https:\/\/unicopas.org.br\/noticias\/juventudes-unicopas-apresentam-carta-para-o-gt-do-governo-de-transicao\/\" target=\"_blank\">Carta das Juventudes Unicopas<\/a> <\/p>\n\n\n\n<p><a rel=\"noreferrer noopener\" href=\"https:\/\/unicopas.org.br\/noticias\/unicopas-e-forum-brasileiro-de-economia-solidaria-entregam-documento-ao-governo-de-transicao\/\" target=\"_blank\">Documento Unicopas e FBES<\/a> <\/p>\n\n\n\n<p><a rel=\"noreferrer noopener\" href=\"https:\/\/unicopas.org.br\/noticias\/plataforma-mrosc-envia-carta-aberta-ao-governo-de-transicao\/\" target=\"_blank\">Carta Aberta da Plataforma MROSC<\/a>\u00a0<\/p>\n","protected":false},"excerpt":{"rendered":"<div class=\"mh-excerpt\"><p>Organiza\u00e7\u00e3o fortalece a\u00e7\u00f5es de incid\u00eancia em dois temas centrais do novo governo: agr\u00e1rio e trabalho<\/p>\n<\/div>","protected":false},"author":5,"featured_media":36630,"comment_status":"closed","ping_status":"open","sticky":false,"template":"","format":"standard","meta":{"_coblocks_attr":"","_coblocks_dimensions":"","_coblocks_responsive_height":"","_coblocks_accordion_ie_support":"","footnotes":""},"categories":[494,492,40,493,39,38,1,491],"tags":[544,184,67,75,533,546,545,104,105,106,107],"class_list":["post-36629","post","type-post","status-publish","format-standard","has-post-thumbnail","hentry","category-campo","category-cidade","category-direitos-humanos","category-incidencia-unicopas","category-juventudes","category-mulheres","category-noticias","category-unicopas","tag-agrario","tag-concrab","tag-cooperativismo-solidario","tag-economia-solidaria","tag-governo-de-transicao","tag-ministerio-do-desenvolvimento-agrario","tag-ministerio-do-trabalho","tag-unicafes","tag-unicatadores","tag-unicopas","tag-unisol"],"_links":{"self":[{"href":"https:\/\/unicopas.org.br\/noticias\/wp-json\/wp\/v2\/posts\/36629","targetHints":{"allow":["GET"]}}],"collection":[{"href":"https:\/\/unicopas.org.br\/noticias\/wp-json\/wp\/v2\/posts"}],"about":[{"href":"https:\/\/unicopas.org.br\/noticias\/wp-json\/wp\/v2\/types\/post"}],"author":[{"embeddable":true,"href":"https:\/\/unicopas.org.br\/noticias\/wp-json\/wp\/v2\/users\/5"}],"replies":[{"embeddable":true,"href":"https:\/\/unicopas.org.br\/noticias\/wp-json\/wp\/v2\/comments?post=36629"}],"version-history":[{"count":1,"href":"https:\/\/unicopas.org.br\/noticias\/wp-json\/wp\/v2\/posts\/36629\/revisions"}],"predecessor-version":[{"id":36631,"href":"https:\/\/unicopas.org.br\/noticias\/wp-json\/wp\/v2\/posts\/36629\/revisions\/36631"}],"wp:featuredmedia":[{"embeddable":true,"href":"https:\/\/unicopas.org.br\/noticias\/wp-json\/wp\/v2\/media\/36630"}],"wp:attachment":[{"href":"https:\/\/unicopas.org.br\/noticias\/wp-json\/wp\/v2\/media?parent=36629"}],"wp:term":[{"taxonomy":"category","embeddable":true,"href":"https:\/\/unicopas.org.br\/noticias\/wp-json\/wp\/v2\/categories?post=36629"},{"taxonomy":"post_tag","embeddable":true,"href":"https:\/\/unicopas.org.br\/noticias\/wp-json\/wp\/v2\/tags?post=36629"}],"curies":[{"name":"wp","href":"https:\/\/api.w.org\/{rel}","templated":true}]}}