{"id":36363,"date":"2022-07-07T08:27:21","date_gmt":"2022-07-07T11:27:21","guid":{"rendered":"https:\/\/unicopas.org.br\/noticias\/?p=36363"},"modified":"2022-07-07T08:29:50","modified_gmt":"2022-07-07T11:29:50","slug":"brasil-retrocede-no-cumprimento-das-metas-dos-objetivos-de-desenvolvimento-sustentavel-ods","status":"publish","type":"post","link":"https:\/\/unicopas.org.br\/noticias\/brasil-retrocede-no-cumprimento-das-metas-dos-objetivos-de-desenvolvimento-sustentavel-ods\/","title":{"rendered":"Brasil retrocede no cumprimento das metas dos Objetivos de Desenvolvimento Sustent\u00e1vel (ODS)"},"content":{"rendered":"\n<p>O Brasil est\u00e1 longe de alcan\u00e7ar as metas estabelecidas junto \u00e0 ONU para os Objetivos de Desenvolvimento Sustent\u00e1vel (ODS). A<a href=\"https:\/\/brasilnaagenda2030.files.wordpress.com\/2022\/07\/pt_rl_2022_final_web.pdf\" target=\"_blank\" rel=\"noreferrer noopener\"> VI edi\u00e7\u00e3o do Relat\u00f3rio Luz<\/a>, documento elaborado pelo Grupo de Trabalho da Sociedade Civil para a Agenda 2030, lan\u00e7ado na \u00faltima quinta-feira (30), na Comiss\u00e3o de Meio Ambiente e Desenvolvimento Sustent\u00e1vel da C\u00e2mara dos Deputados, revela que das 168 metas analisadas, o pa\u00eds deixou de avan\u00e7ar em mais de 80%. Em compara\u00e7\u00e3o com o V Relat\u00f3rio Luz, as metas em retrocesso aumentaram de 92 para 110 e as com progresso insuficiente passaram de 13 para 24.<\/p>\n\n\n\n<p>O retrocesso brasileiro atinge n\u00edveis grav\u00edssimos e afeta \u00e1reas como pobreza, seguran\u00e7a alimentar, sa\u00fade, educa\u00e7\u00e3o, g\u00eanero, economia e meio ambiente. O documento aponta que de todas as metas dos 17 Objetivos de Desenvolvimento Sustent\u00e1vel da Agenda 2030, 65,47% est\u00e3o em retrocesso, 14,28% est\u00e3o em progresso insuficiente, 6,54% permaneceram ou entraram em estagna\u00e7\u00e3o, 8,33% est\u00e3o amea\u00e7adas e 4,76% h\u00e1 aus\u00eancia de informa\u00e7\u00f5es para an\u00e1lise.&nbsp;<\/p>\n\n\n\n<p>Uma das maiores na\u00e7\u00f5es produtoras de alimento do mundo volta ao Mapa da Fome das Na\u00e7\u00f5es Unidas (ONU) e chega ao patamar de 33 milh\u00f5es de pessoas passando fome, 14 milh\u00f5es entraram nessa condi\u00e7\u00e3o apenas no ano passado. Por outro lado, nada foi feito para conter o desperd\u00edcio alimentar, estimado em mais de 12 mil toneladas\/ano, ao mesmo tempo que mais de 125 milh\u00f5es de pessoas vivem em inseguran\u00e7a alimentar.&nbsp;<\/p>\n\n\n\n<figure class=\"wp-block-image size-full\"><img loading=\"lazy\" decoding=\"async\" width=\"812\" height=\"546\" src=\"http:\/\/unicopas.org.br\/noticias\/wp-content\/uploads\/sites\/2\/2022\/07\/Relatorio-Luz-2022-eixo-social.jpeg\" alt=\"\" class=\"wp-image-36365\" srcset=\"https:\/\/unicopas.org.br\/noticias\/wp-content\/uploads\/sites\/2\/2022\/07\/Relatorio-Luz-2022-eixo-social.jpeg 812w, https:\/\/unicopas.org.br\/noticias\/wp-content\/uploads\/sites\/2\/2022\/07\/Relatorio-Luz-2022-eixo-social-763x513.jpeg 763w, https:\/\/unicopas.org.br\/noticias\/wp-content\/uploads\/sites\/2\/2022\/07\/Relatorio-Luz-2022-eixo-social-768x516.jpeg 768w, https:\/\/unicopas.org.br\/noticias\/wp-content\/uploads\/sites\/2\/2022\/07\/Relatorio-Luz-2022-eixo-social-600x403.jpeg 600w\" sizes=\"auto, (max-width: 812px) 100vw, 812px\" \/><\/figure>\n\n\n\n<p>Mesmo com o avan\u00e7o da vacina\u00e7\u00e3o e a retomada das atividades presenciais, o Brasil ainda permanece com alto \u00edndice de pobreza, tamb\u00e9m ocasionado pela alta do desemprego e aus\u00eancia de pol\u00edticas p\u00fablicas para a popula\u00e7\u00e3o mais vulner\u00e1vel. O Relat\u00f3rio mostra que mesmo com retra\u00e7\u00e3o da taxa de desocupa\u00e7\u00e3o desde 2021, n\u00e3o h\u00e1 crescimento significativo da popula\u00e7\u00e3o ocupada, o patamar do desemprego continua alto, com 11,2%, prejudicando a gera\u00e7\u00e3o de renda e aumentando as desigualdades e a pobreza no pa\u00eds.&nbsp;&nbsp;&nbsp;<\/p>\n\n\n\n<figure class=\"wp-block-image size-full\"><img loading=\"lazy\" decoding=\"async\" width=\"841\" height=\"463\" src=\"http:\/\/unicopas.org.br\/noticias\/wp-content\/uploads\/sites\/2\/2022\/07\/Relatorio-Luz-2022-Eixo-economico-1.jpeg\" alt=\"\" class=\"wp-image-36367\" srcset=\"https:\/\/unicopas.org.br\/noticias\/wp-content\/uploads\/sites\/2\/2022\/07\/Relatorio-Luz-2022-Eixo-economico-1.jpeg 841w, https:\/\/unicopas.org.br\/noticias\/wp-content\/uploads\/sites\/2\/2022\/07\/Relatorio-Luz-2022-Eixo-economico-1-150x84.jpeg 150w, https:\/\/unicopas.org.br\/noticias\/wp-content\/uploads\/sites\/2\/2022\/07\/Relatorio-Luz-2022-Eixo-economico-1-768x423.jpeg 768w, https:\/\/unicopas.org.br\/noticias\/wp-content\/uploads\/sites\/2\/2022\/07\/Relatorio-Luz-2022-Eixo-economico-1-600x330.jpeg 600w\" sizes=\"auto, (max-width: 841px) 100vw, 841px\" \/><\/figure>\n\n\n\n<h3 class=\"wp-block-heading\"><strong>Contribui\u00e7\u00e3o da Unicopas para a Agenda 2030<\/strong><\/h3>\n\n\n\n<p>Em junho de 2021, a Unicopas (Uni\u00e3o Nacional das Organiza\u00e7\u00f5es Cooperativistas Solid\u00e1rias) passou a fazer parte do <a href=\"https:\/\/unicopas.org.br\/noticias\/unicopas-se-junta-ao-gt-da-agenda-2030-para-o-desenvolvimento-sustentavel\/\">Grupo de Trabalho da Agenda 2030<\/a> com o intuito de firmar, ainda mais, o compromisso para a promo\u00e7\u00e3o do desenvolvimento sustent\u00e1vel.\u00a0<\/p>\n\n\n\n<p>Uma das principais iniciativas da Unicopas para o fortalecimento do desenvolvimento sustent\u00e1vel foi a elabora\u00e7\u00e3o da <a href=\"https:\/\/unicopas.org.br\/biblioteca\/produto\/plano-de-governo-2023-2026-por-um-brasil-cooperativo-solidario\/\">Plataforma de A\u00e7\u00f5es do Cooperativismo Solid\u00e1rio<\/a>, constru\u00edda coletivamente pelas principais centrais do cooperativismo e da economia solid\u00e1ria \u2013 Unicafes Nacional, Unisol Brasil, Concrab e Unicatadores. O documento tem o objetivo de erradicar a pobreza, combater as desigualdades (inclusive as de g\u00eanero) e as injusti\u00e7as sociais, ao mesmo tempo controlar as mudan\u00e7as clim\u00e1ticas, revendo padr\u00f5es de consumo e colocando a economia a favor de desenvolvimento sustent\u00e1vel e solid\u00e1rio.&nbsp;<\/p>\n\n\n\n<h3 class=\"wp-block-heading\"><strong>Relat\u00f3rio Luz<\/strong><\/h3>\n\n\n\n<p>A partir de dados oficiais, o documento monitora o andamento das pol\u00edticas sociais, ambientais e econ\u00f4micas do Brasil, direcionando as poss\u00edveis a\u00e7\u00f5es para o cumprimento da Agenda 2030, compromisso global dos estados membros das Na\u00e7\u00f5es Unidas para o desenvolvimento sustent\u00e1vel.&nbsp;<\/p>\n\n\n\n<p>O Relat\u00f3rio \u00e9 elaborado pelo Grupo de Trabalho da Sociedade Civil para a Agenda 2030 (GTSC A2030) e re\u00fane cerca de 60 organiza\u00e7\u00f5es n\u00e3o governamentais, movimentos sociais, f\u00f3runs, redes, funda\u00e7\u00f5es e federa\u00e7\u00f5es brasileiras. O grupo incide sobre o Estado brasileiro e as organiza\u00e7\u00f5es multilaterais, promovendo o desenvolvimento sustent\u00e1vel, o combate \u00e0s desigualdades e \u00e0s injusti\u00e7as e o fortalecimento de direitos universais, indivis\u00edveis e interdependentes, com base no pleno envolvimento da sociedade civil em todos os espa\u00e7os de tomada de decis\u00e3o.<\/p>\n","protected":false},"excerpt":{"rendered":"<div class=\"mh-excerpt\"><p>Relat\u00f3rio Luz, elaborado pelo Grupo de Trabalho da Sociedade Civil para a Agenda 2030, aponta aumento da pobreza, da fome, perda de biodiversidade e qualidade de vida<\/p>\n<\/div>","protected":false},"author":5,"featured_media":36370,"comment_status":"closed","ping_status":"open","sticky":false,"template":"","format":"standard","meta":{"_coblocks_attr":"","_coblocks_dimensions":"","_coblocks_responsive_height":"","_coblocks_accordion_ie_support":"","footnotes":""},"categories":[41],"tags":[],"class_list":["post-36363","post","type-post","status-publish","format-standard","has-post-thumbnail","hentry","category-ods"],"_links":{"self":[{"href":"https:\/\/unicopas.org.br\/noticias\/wp-json\/wp\/v2\/posts\/36363","targetHints":{"allow":["GET"]}}],"collection":[{"href":"https:\/\/unicopas.org.br\/noticias\/wp-json\/wp\/v2\/posts"}],"about":[{"href":"https:\/\/unicopas.org.br\/noticias\/wp-json\/wp\/v2\/types\/post"}],"author":[{"embeddable":true,"href":"https:\/\/unicopas.org.br\/noticias\/wp-json\/wp\/v2\/users\/5"}],"replies":[{"embeddable":true,"href":"https:\/\/unicopas.org.br\/noticias\/wp-json\/wp\/v2\/comments?post=36363"}],"version-history":[{"count":6,"href":"https:\/\/unicopas.org.br\/noticias\/wp-json\/wp\/v2\/posts\/36363\/revisions"}],"predecessor-version":[{"id":36373,"href":"https:\/\/unicopas.org.br\/noticias\/wp-json\/wp\/v2\/posts\/36363\/revisions\/36373"}],"wp:featuredmedia":[{"embeddable":true,"href":"https:\/\/unicopas.org.br\/noticias\/wp-json\/wp\/v2\/media\/36370"}],"wp:attachment":[{"href":"https:\/\/unicopas.org.br\/noticias\/wp-json\/wp\/v2\/media?parent=36363"}],"wp:term":[{"taxonomy":"category","embeddable":true,"href":"https:\/\/unicopas.org.br\/noticias\/wp-json\/wp\/v2\/categories?post=36363"},{"taxonomy":"post_tag","embeddable":true,"href":"https:\/\/unicopas.org.br\/noticias\/wp-json\/wp\/v2\/tags?post=36363"}],"curies":[{"name":"wp","href":"https:\/\/api.w.org\/{rel}","templated":true}]}}