{"id":35911,"date":"2022-02-14T17:07:44","date_gmt":"2022-02-14T20:07:44","guid":{"rendered":"https:\/\/unicopas.org.br\/?p=35688"},"modified":"2022-02-14T17:07:44","modified_gmt":"2022-02-14T20:07:44","slug":"agricultura-familiar-pl-garante-amparo-a-produtores-atingidos-por-eventos-climaticos","status":"publish","type":"post","link":"https:\/\/unicopas.org.br\/noticias\/agricultura-familiar-pl-garante-amparo-a-produtores-atingidos-por-eventos-climaticos\/","title":{"rendered":"Agricultura familiar: PL garante amparo a produtores atingidos por eventos clim\u00e1ticos"},"content":{"rendered":"\n<h4 class=\"wp-block-heading\">Projeto de Lei contou com a articula\u00e7\u00e3o de diversas organiza\u00e7\u00f5es da sociedade civil, entre elas, a Unicopas&nbsp;<\/h4>\n\n\n\n<p>Foi protocolado no in\u00edcio deste m\u00eas, o Projeto de Lei 19\/2022, que disp\u00f5e sobre medidas emergenciais de amparo \u00e0s agricultoras e aos agricultores familiares para amenizar os impactos socioecon\u00f4micos provocados por enchentes ou seca que v\u00eam acontecendo em todo o Brasil.<\/p>\n\n\n\n<p>O PL contempla agricultores e agricultoras familiares, suas cooperativas e associa\u00e7\u00f5es cujas as unidades produtivas estejam nos munic\u00edpios com decreto de situa\u00e7\u00e3o de emerg\u00eancia devidos \u00e0 estiagem\/seca ou enchentes nos anos de 2021 e 2022.<\/p>\n\n\n\n<p>Em resumo, o PL 19\/2022 prop\u00f5e: <br><br>&#8211; a prorroga\u00e7\u00e3o para um ano ap\u00f3s a \u00faltima presta\u00e7\u00e3o de cr\u00e9dito rural das parcelas vencidas ou que est\u00e3o a vencer nos anos de 2021 e 2022; <br><br>&#8211; repactua\u00e7\u00e3o das d\u00edvidas mesmo daqueles(as) agricultores e agricultoras que n\u00e3o pagaram os financiamentos de 1\u00ba de janeiro de 2008 a 31 de dezembro de 2020; <br><br>&#8211; e cria\u00e7\u00e3o de linha de cr\u00e9dito rural, de car\u00e1ter emergencial, no \u00e2mbito do Programa Nacional de Fortalecimento da Agricultura Familiar (Pronaf) destinado ao custeio e investimento de atividades relacionadas \u00e0 produ\u00e7\u00e3o de alimentos b\u00e1sicos pela agricultura familiar.<\/p>\n\n\n\n<p><a href=\"http:\/\/www.contag.org.br\/index.php?modulo=portal&amp;acao=interna&amp;codpag=101&amp;id=14666&amp;mt=1&amp;nw=1\" target=\"_blank\" rel=\"noreferrer noopener\">Clique aqui para ler o PL 19\/2022 na \u00edntegra<\/a><\/p>\n\n\n\n<p><em>Com informa\u00e7\u00f5es da <a href=\"http:\/\/www.contag.org.br\/index.php?modulo=portal&amp;acao=interna&amp;codpag=101&amp;id=14666&amp;mt=1&amp;nw=1\" target=\"_blank\" rel=\"noreferrer noopener\">Contag<\/a><\/em><\/p>\n","protected":false},"excerpt":{"rendered":"<div class=\"mh-excerpt\"><p>Projeto de Lei contou com a articula\u00e7\u00e3o de diversas organiza\u00e7\u00f5es da sociedade civil, entre elas, a Unicopas <\/p>\n<\/div>","protected":false},"author":5,"featured_media":35883,"comment_status":"closed","ping_status":"open","sticky":false,"template":"","format":"standard","meta":{"_coblocks_attr":"","_coblocks_dimensions":"","_coblocks_responsive_height":"","_coblocks_accordion_ie_support":"","footnotes":""},"categories":[493],"tags":[43,498,158,499,106],"class_list":["post-35911","post","type-post","status-publish","format-standard","has-post-thumbnail","hentry","category-incidencia-unicopas","tag-agricultura-familiar","tag-enchentes","tag-projeto-de-lei","tag-secas","tag-unicopas"],"_links":{"self":[{"href":"https:\/\/unicopas.org.br\/noticias\/wp-json\/wp\/v2\/posts\/35911","targetHints":{"allow":["GET"]}}],"collection":[{"href":"https:\/\/unicopas.org.br\/noticias\/wp-json\/wp\/v2\/posts"}],"about":[{"href":"https:\/\/unicopas.org.br\/noticias\/wp-json\/wp\/v2\/types\/post"}],"author":[{"embeddable":true,"href":"https:\/\/unicopas.org.br\/noticias\/wp-json\/wp\/v2\/users\/5"}],"replies":[{"embeddable":true,"href":"https:\/\/unicopas.org.br\/noticias\/wp-json\/wp\/v2\/comments?post=35911"}],"version-history":[{"count":0,"href":"https:\/\/unicopas.org.br\/noticias\/wp-json\/wp\/v2\/posts\/35911\/revisions"}],"wp:featuredmedia":[{"embeddable":true,"href":"https:\/\/unicopas.org.br\/noticias\/wp-json\/wp\/v2\/media\/35883"}],"wp:attachment":[{"href":"https:\/\/unicopas.org.br\/noticias\/wp-json\/wp\/v2\/media?parent=35911"}],"wp:term":[{"taxonomy":"category","embeddable":true,"href":"https:\/\/unicopas.org.br\/noticias\/wp-json\/wp\/v2\/categories?post=35911"},{"taxonomy":"post_tag","embeddable":true,"href":"https:\/\/unicopas.org.br\/noticias\/wp-json\/wp\/v2\/tags?post=35911"}],"curies":[{"name":"wp","href":"https:\/\/api.w.org\/{rel}","templated":true}]}}