{"id":35902,"date":"2021-07-08T13:12:43","date_gmt":"2021-07-08T16:12:43","guid":{"rendered":"https:\/\/unicopas.org.br\/?p=35233"},"modified":"2021-07-08T13:12:43","modified_gmt":"2021-07-08T16:12:43","slug":"relatorio-aponta-retrocessos-em-politicas-publicas-do-brasil","status":"publish","type":"post","link":"https:\/\/unicopas.org.br\/noticias\/relatorio-aponta-retrocessos-em-politicas-publicas-do-brasil\/","title":{"rendered":"Relat\u00f3rio aponta retrocessos em pol\u00edticas p\u00fablicas do Brasil"},"content":{"rendered":"\n<h4 class=\"wp-block-heading\"><em>An\u00e1lise a partir de dados governamentais por 106 especialistas sobre cumprimento da Agenda 2030 de desenvolvimento sustent\u00e1vel, revela mais de 80% das metas em retrocesso, estagnadas ou amea\u00e7adas<\/em><\/h4>\n\n\n\n<p>No momento em que toda a comunidade internacional estar\u00e1 reunida no F\u00f3rum Pol\u00edtico de Alto N\u00edvel das Na\u00e7\u00f5es Unidas (HLPF 2021), entre os dias 6 e 15 de julho, para acompanhar e revisar os avan\u00e7os no cumprimento dos 17 Objetivos de Desenvolvimento Sustent\u00e1vel (ODS), um estudo realizado por organiza\u00e7\u00f5es n\u00e3o governamentais, entidades e f\u00f3runs da sociedade civil brasileira aponta que o Pa\u00eds vem regredindo nas mais diversas \u00e1reas como pobreza, seguran\u00e7a alimentar, sa\u00fade, educa\u00e7\u00e3o, g\u00eanero, economia e meio ambiente.<\/p>\n\n\n\n<p>A quinta edi\u00e7\u00e3o do \u201cRelat\u00f3rio Luz da Sociedade Civil sobre a Agenda 2030\u201d, que utiliza apenas dados oficiais, ser\u00e1 lan\u00e7ada na pr\u00f3xima segunda-feira, 12 de julho, \u00e0s 10h,\u00a0 em audi\u00eancia p\u00fablica no Congresso Nacional, com transmiss\u00e3o simult\u00e2nea pelo e-Democracia e canais oficiais da C\u00e2mara dos Deputados. J\u00e1 a comunidade internacional poder\u00e1 acompanhar a divulga\u00e7\u00e3o dos dados na ter\u00e7a (13\/07), a partir das 15h (em ingl\u00eas) e das 17h (em espanhol), pelo canal <a rel=\"noreferrer noopener\" href=\"http:\/\/www.youtube.com\/gtagenda2030\" target=\"_blank\">www.youtube.com\/gtagenda2030<\/a>.<\/p>\n\n\n\n<figure class=\"wp-block-image size-large\"><img loading=\"lazy\" decoding=\"async\" width=\"893\" height=\"509\" src=\"https:\/\/unicopas.org.br\/corporativo\/wp-content\/uploads\/2021\/07\/AGENDA2030.png\" alt=\"\" class=\"wp-image-35235\" srcset=\"https:\/\/unicopas.org.br\/noticias\/wp-content\/uploads\/sites\/2\/2021\/07\/AGENDA2030.png 893w, https:\/\/unicopas.org.br\/noticias\/wp-content\/uploads\/sites\/2\/2021\/07\/AGENDA2030-850x484.png 850w, https:\/\/unicopas.org.br\/noticias\/wp-content\/uploads\/sites\/2\/2021\/07\/AGENDA2030-150x84.png 150w, https:\/\/unicopas.org.br\/noticias\/wp-content\/uploads\/sites\/2\/2021\/07\/AGENDA2030-768x438.png 768w\" sizes=\"auto, (max-width: 893px) 100vw, 893px\" \/><\/figure>\n\n\n\n<p>O Grupo de Trabalho da Sociedade Civil para a Agenda 2030 (GT Agenda 2030) \u2013&nbsp; respons\u00e1vel pelo relat\u00f3rio, \u00e9 uma coaliz\u00e3o&nbsp; formada por 57 organiza\u00e7\u00f5es e f\u00f3runs de todo o pa\u00eds. Participaram de sua elabora\u00e7\u00e3o 106 especialistas de todo o Pa\u00eds nas mais diversas \u00e1reas. Essa \u00e9 a \u00fanica publica\u00e7\u00e3o no Brasil que oferece um panorama em 360 graus do andamento da implementa\u00e7\u00e3o dos 17 ODS, uma vez que o \u00faltimo Relat\u00f3rio Nacional Volunt\u00e1rio apresentado pelo governo brasileiro ao HLPF foi em 2017.<\/p>\n\n\n\n<p>Nesta quinta edi\u00e7\u00e3o, foram analisadas todas as 169 metas definidas na Agenda 2030. Dessas, 92 (ou 54,4%) est\u00e3o em retrocesso; 27 (16%) estagnadas; 21 (12,4%) amea\u00e7adas; 13 (7,7%) t\u00eam progresso insuficiente; e 1 (0,6%) n\u00e3o se aplica \u00e0 realidade brasileira. H\u00e1, ainda, 15 metas (8,9%) que n\u00e3o foram rankeadas por falta de dados. Al\u00e9m da an\u00e1lise das metas, o relat\u00f3rio traz 127 recomenda\u00e7\u00f5es para que o Brasil avance no cumprimento do que foi pactuado em 2015 na ONU.&nbsp;<\/p>\n\n\n\n<p>\u201cS\u00e3o dados oficiais estarrecedores e que mostram um Brasil cada vez mais distante do desenvolvimento sustent\u00e1vel, violando princ\u00edpios constitucionais, violando direitos e desconstruindo pol\u00edticas fundamentais para supera\u00e7\u00e3o das desigualdades que marcam o pa\u00eds, hoje mais agravadas pelas crises de governan\u00e7a e pela pandemia. A fotografia \u00e9 tr\u00e1gica e as consequ\u00eancias do que est\u00e1 acontecendo dever\u00e3o ser sentidas por muito tempo&#8221;, diz Alessandra Nilo, coordenadora geral da ONG Gestos \u2013 Soropositividade, Comunica\u00e7\u00e3o e G\u00eanero, e cofacilitadora do GT Agenda 2030.<\/p>\n\n\n\n<p>Mesmo num contexto t\u00e3o grave de pandemia, \u00e1reas como a da Sa\u00fade apresentaram retrocesso.&nbsp; Ficaram sem uso R$ 22,8 bilh\u00f5es da dota\u00e7\u00e3o or\u00e7ament\u00e1ria autorizada em 2020 para o SUS, recurso que deveria ter aumentado o n\u00famero de vacinas, kits de intuba\u00e7\u00e3o, m\u00e1scaras PFF2, leitos e outros insumos. \u201cO despreparo nacional para lidar com emerg\u00eancias de sa\u00fade foi ressaltado pela pandemia. Faltaram transpar\u00eancia e articula\u00e7\u00e3o entre o governo federal e os demais entes federativos e o Programa Nacional de Imuniza\u00e7\u00e3o (PNI) foi desestruturado\u201d, explica Denise Dora, diretora executiva da ARTIGO 19.<\/p>\n\n\n\n<p>O Relat\u00f3rio Luz da Sociedade Civil sobre a Agenda 2030 no Brasil est\u00e1 na quinta edi\u00e7\u00e3o de sua s\u00e9rie iniciada em 2017. Busca, por meio da coleta e an\u00e1lise de dados, responder como os indicadores das metas da Agenda 2030 est\u00e3o sendo aplicados na realidade brasileira, tomando por base os dados oficiais dispon\u00edveis. Nos casos em que inexistem informa\u00e7\u00f5es oficiais, foram utilizados estudos produzidos pela sociedade civil ou pesquisas acad\u00eamicas catalogadas na biblioteca SciELO ou Portal Capes, observados os crit\u00e9rios de s\u00e9rie hist\u00f3rica e metodologia consolidada.<\/p>\n\n\n\n<p><strong>Servi\u00e7o:<\/strong><\/p>\n\n\n\n<p><em>Lan\u00e7amento nacional V Relat\u00f3rio Luz<\/em><br>Dia: Segunda (12\/07)<br>Hor\u00e1rio (Bras\u00edlia): 10h<br><a href=\"https:\/\/edemocracia.camara.leg.br\/audiencias\/sala\/2057\" target=\"_blank\" rel=\"noreferrer noopener\">https:\/\/edemocracia.camara.leg.br\/audiencias\/sala\/2057<\/a><br>YouTube da C\u00e2mara dos Deputados<\/p>\n\n\n\n<p><em>Lan\u00e7amento internacional V Relat\u00f3rio Luz<\/em><\/p>\n\n\n\n<p>Dia: Ter\u00e7a (13\/07)<br>Em ingl\u00eas: 15h (Bras\u00edlia) &#8211; 6:00 pm GMT<br>Em espanhol: 17h (Bras\u00edlia) &#8211; 8:00 pm GMT<br><a rel=\"noreferrer noopener\" href=\"http:\/\/www.youtube.com\/gtagenda2030\/live\" target=\"_blank\">www.youtube.com\/gtagenda2030\/live<\/a><\/p>\n\n\n<h3 class=\"crp-list-title\">Saiba mais<\/h3><ul class=\"crp-list\"><li class=\"crp-list-item crp-list-item-image-none\"><div class=\"crp-list-item-title\"><a href=\"https:\/\/unicopas.org.br\/noticias\/unicopas\/unicopas-se-junta-ao-gt-da-agenda-2030-para-o-desenvolvimento-sustentavel\/\">Unicopas se junta ao GT da Agenda 2030 para o desenvolvimento sustent\u00e1vel<\/a><\/div><\/li><\/ul>","protected":false},"excerpt":{"rendered":"<div class=\"mh-excerpt\"><p>An\u00e1lise a partir de dados governamentais por 106 especialistas sobre cumprimento da Agenda 2030 de desenvolvimento sustent\u00e1vel, revela mais de 80% das metas em retrocesso, estagnadas ou amea\u00e7adas<\/p>\n<\/div>","protected":false},"author":5,"featured_media":35235,"comment_status":"closed","ping_status":"open","sticky":false,"template":"","format":"standard","meta":{"_coblocks_attr":"","_coblocks_dimensions":"","_coblocks_responsive_height":"","_coblocks_accordion_ie_support":"","footnotes":""},"categories":[41],"tags":[430,143,163,89,92],"class_list":["post-35902","post","type-post","status-publish","format-standard","has-post-thumbnail","hentry","category-ods","tag-agenda-2030","tag-desenvolvimento-sustentavel","tag-nacoes-unidas","tag-ods","tag-onu"],"_links":{"self":[{"href":"https:\/\/unicopas.org.br\/noticias\/wp-json\/wp\/v2\/posts\/35902","targetHints":{"allow":["GET"]}}],"collection":[{"href":"https:\/\/unicopas.org.br\/noticias\/wp-json\/wp\/v2\/posts"}],"about":[{"href":"https:\/\/unicopas.org.br\/noticias\/wp-json\/wp\/v2\/types\/post"}],"author":[{"embeddable":true,"href":"https:\/\/unicopas.org.br\/noticias\/wp-json\/wp\/v2\/users\/5"}],"replies":[{"embeddable":true,"href":"https:\/\/unicopas.org.br\/noticias\/wp-json\/wp\/v2\/comments?post=35902"}],"version-history":[{"count":0,"href":"https:\/\/unicopas.org.br\/noticias\/wp-json\/wp\/v2\/posts\/35902\/revisions"}],"wp:featuredmedia":[{"embeddable":true,"href":"https:\/\/unicopas.org.br\/noticias\/wp-json\/wp\/v2\/media\/35235"}],"wp:attachment":[{"href":"https:\/\/unicopas.org.br\/noticias\/wp-json\/wp\/v2\/media?parent=35902"}],"wp:term":[{"taxonomy":"category","embeddable":true,"href":"https:\/\/unicopas.org.br\/noticias\/wp-json\/wp\/v2\/categories?post=35902"},{"taxonomy":"post_tag","embeddable":true,"href":"https:\/\/unicopas.org.br\/noticias\/wp-json\/wp\/v2\/tags?post=35902"}],"curies":[{"name":"wp","href":"https:\/\/api.w.org\/{rel}","templated":true}]}}