{"id":35894,"date":"2021-06-16T22:26:51","date_gmt":"2021-06-17T01:26:51","guid":{"rendered":"https:\/\/unicopas.org.br\/?p=35135"},"modified":"2022-03-14T16:25:30","modified_gmt":"2022-03-14T19:25:30","slug":"serie-de-debates-marcam-mobilizacao-nacional-contra-os-agrotoxicos","status":"publish","type":"post","link":"https:\/\/unicopas.org.br\/noticias\/serie-de-debates-marcam-mobilizacao-nacional-contra-os-agrotoxicos\/","title":{"rendered":"S\u00e9rie de debates marcam mobiliza\u00e7\u00e3o nacional contra os agrot\u00f3xicos"},"content":{"rendered":"\n<h4 class=\"wp-block-heading\"><em>Diversas organiza\u00e7\u00f5es e movimentos sociais se juntam para dialogar com a sociedade sobre sa\u00fade, meio ambiente e alimenta\u00e7\u00e3o saud\u00e1vel no Brasil<\/em><\/h4>\n\n\n\n<p>Nesta semana, organiza\u00e7\u00f5es, movimentos sociais e parlamentares deram in\u00edcio a uma s\u00e9rie de eventos virtuais em prol da \u2018Mobiliza\u00e7\u00e3o Nacional Contra os Agrot\u00f3xicos e Pela Vida\u2019, para debaterem com a sociedade a realidade dos agrot\u00f3xicos e transg\u00eanicos no Brasil.<\/p>\n\n\n\n<p>A s\u00e9rie de encontros que ocorre de forma virtual sempre \u00e0s ter\u00e7as-feiras, das 10h \u00e0s 12h, at\u00e9 o dia 6 de julho, tem como objetivo dialogar com a sociedade sobre sa\u00fade, meio ambiente e alimenta\u00e7\u00e3o saud\u00e1vel.<\/p>\n\n\n\n<p>No primeiro dia de debate, a professora dra. Larissa Bombardi apresentou elementos conjunturais sobre os agrot\u00f3xicos, situando os resultados de suas pesquisas sobre o uso de agrot\u00f3xicos no cen\u00e1rio nacional e internacional.<\/p>\n\n\n\n<p>A pesquisadora enfatizou as assimetrias nas rela\u00e7\u00f5es comerciais entre Uni\u00e3o Europeia e Mercosul, destacando o lugar de subalternidade em que os pa\u00edses do Sul Global se encontram. Empresas sediadas na Europa, Estados Unidos e China comandam as exporta\u00e7\u00f5es de agrot\u00f3xicos, vendendo produtos j\u00e1 proibidos nos pa\u00edses de origem pelos perigos que representam \u00e0 sa\u00fade humana e do ambiente.<\/p>\n\n\n\n<p>\u201cQuando eu falo em \u2018colonialismo molecular\u2019, n\u00e3o \u00e9 uma mera express\u00e3o. Vejam, a gente autoriza no Brasil, como nos outros pa\u00edses do Mercosul, quantidades de res\u00edduo dessas subst\u00e2ncias que, \u00e0s vezes, s\u00e3o centenas, dezenas de centenas e at\u00e9 milhares de vezes superior ao limite dessas subst\u00e2ncias permitido na Uni\u00e3o Europeia\u201d, reflete Bombardi.<\/p>\n\n\n\n<p>Desde que se iniciou o governo Bolsonaro, foram liberados mais de mil agrot\u00f3xicos, um ter\u00e7o de todos os produtos comercializados no pa\u00eds s\u00e3o proibidos na Uni\u00e3o Europeia. \u201cNunca vimos uma quantidade de agrot\u00f3xicos t\u00e3o grande ser aprovada nos \u00faltimos anos no pa\u00eds\u201d, alerta Bombardi.<\/p>\n\n\n\n<p><strong>Assista o debate na \u00edntegra:<\/strong><\/p>\n\n\n\n<figure class=\"wp-block-embed is-type-video is-provider-youtube wp-block-embed-youtube wp-embed-aspect-16-9 wp-has-aspect-ratio\"><div class=\"wp-block-embed__wrapper\">\n<div class=\"epyt-video-wrapper\"><iframe loading=\"lazy\"  id=\"_ytid_40148\"  width=\"480\" height=\"270\"  data-origwidth=\"480\" data-origheight=\"270\" src=\"https:\/\/www.youtube.com\/embed\/T3X3HZM8gDw?enablejsapi=1&#038;autoplay=0&#038;cc_load_policy=0&#038;cc_lang_pref=&#038;iv_load_policy=1&#038;loop=0&#038;modestbranding=0&#038;rel=0&#038;fs=1&#038;playsinline=0&#038;autohide=2&#038;theme=dark&#038;color=red&#038;controls=1&#038;\" class=\"__youtube_prefs__  epyt-is-override  no-lazyload\" title=\"YouTube player\"  allow=\"accelerometer; autoplay; clipboard-write; encrypted-media; gyroscope; picture-in-picture\" allowfullscreen data-no-lazy=\"1\" data-skipgform_ajax_framebjll=\"\"><\/iframe><\/div>\n<\/div><\/figure>\n\n\n\n<p>Na pr\u00f3xima ter\u00e7a-feira, 22, o debate ser\u00e1 sobre <strong>os impactos dos agrot\u00f3xicos \u00e0 sa\u00fade ao meio ambiente<\/strong> e se iniciar\u00e1 a partir das 10h no <a rel=\"noreferrer noopener\" href=\"https:\/\/www.youtube.com\/c\/contraosagrotoxicos\/featured\" target=\"_blank\">canal do Youtube da Campanha Permanente Contra os Agrot\u00f3xicos e Pela Vida<\/a>. Os encontros tamb\u00e9m podem ser acompanhados ao vivo pelo <a href=\"https:\/\/www.facebook.com\/unicopas\/\" target=\"_blank\" rel=\"noreferrer noopener\">Facebook da Unicopas<\/a>.<\/p>\n\n\n\n<p><em>Com informa\u00e7\u00f5es de Iris Pacheco, da <a href=\"https:\/\/contraosagrotoxicos.org\/parlamentares-e-movimentos-sociais-discutem-a-realidade-dos-agrotoxicos-e-transgenicos-no-brasil\/\" target=\"_blank\" rel=\"noreferrer noopener\">Campanha Permanente contra os Agrot\u00f3xicos e Pela Vida<\/a><\/em><\/p>\n","protected":false},"excerpt":{"rendered":"<div class=\"mh-excerpt\"><p>Diversas organiza\u00e7\u00f5es e movimentos sociais se juntam para dialogar com a sociedade sobre sa\u00fade, meio ambiente e alimenta\u00e7\u00e3o saud\u00e1vel no Brasil<\/p>\n<\/div>","protected":false},"author":5,"featured_media":33914,"comment_status":"closed","ping_status":"open","sticky":false,"template":"","format":"standard","meta":{"_coblocks_attr":"","_coblocks_dimensions":"","_coblocks_responsive_height":"","_coblocks_accordion_ie_support":"","footnotes":""},"categories":[494],"tags":[203,449,81,450,103],"class_list":["post-35894","post","type-post","status-publish","format-standard","has-post-thumbnail","hentry","category-campo","tag-agrotoxicos","tag-alimentacao-saudavel","tag-meio-ambiente","tag-transgenicos","tag-uniao-europeia"],"_links":{"self":[{"href":"https:\/\/unicopas.org.br\/noticias\/wp-json\/wp\/v2\/posts\/35894","targetHints":{"allow":["GET"]}}],"collection":[{"href":"https:\/\/unicopas.org.br\/noticias\/wp-json\/wp\/v2\/posts"}],"about":[{"href":"https:\/\/unicopas.org.br\/noticias\/wp-json\/wp\/v2\/types\/post"}],"author":[{"embeddable":true,"href":"https:\/\/unicopas.org.br\/noticias\/wp-json\/wp\/v2\/users\/5"}],"replies":[{"embeddable":true,"href":"https:\/\/unicopas.org.br\/noticias\/wp-json\/wp\/v2\/comments?post=35894"}],"version-history":[{"count":1,"href":"https:\/\/unicopas.org.br\/noticias\/wp-json\/wp\/v2\/posts\/35894\/revisions"}],"predecessor-version":[{"id":35938,"href":"https:\/\/unicopas.org.br\/noticias\/wp-json\/wp\/v2\/posts\/35894\/revisions\/35938"}],"wp:featuredmedia":[{"embeddable":true,"href":"https:\/\/unicopas.org.br\/noticias\/wp-json\/wp\/v2\/media\/33914"}],"wp:attachment":[{"href":"https:\/\/unicopas.org.br\/noticias\/wp-json\/wp\/v2\/media?parent=35894"}],"wp:term":[{"taxonomy":"category","embeddable":true,"href":"https:\/\/unicopas.org.br\/noticias\/wp-json\/wp\/v2\/categories?post=35894"},{"taxonomy":"post_tag","embeddable":true,"href":"https:\/\/unicopas.org.br\/noticias\/wp-json\/wp\/v2\/tags?post=35894"}],"curies":[{"name":"wp","href":"https:\/\/api.w.org\/{rel}","templated":true}]}}