{"id":35119,"date":"2021-06-11T09:36:03","date_gmt":"2021-06-11T12:36:03","guid":{"rendered":"https:\/\/unicopas.org.br\/?p=35119"},"modified":"2022-03-14T16:31:41","modified_gmt":"2022-03-14T19:31:41","slug":"racismo-e-pauta-de-dialogos-entre-as-juventudes-do-centro-oeste","status":"publish","type":"post","link":"https:\/\/unicopas.org.br\/noticias\/racismo-e-pauta-de-dialogos-entre-as-juventudes-do-centro-oeste\/","title":{"rendered":"Racismo \u00e9 pauta de di\u00e1logos entre as juventudes do Centro-oeste"},"content":{"rendered":"\n<h4 class=\"wp-block-heading\"><em>Realizado nessa ter\u00e7a e quarta-feira (08 e 09 de junho) em formato totalmente virtual, Encontro das Juventudes da Unicopas \u2013 Regi\u00e3o Centro-oeste, debateu pautas comuns, como racismo, trabalho e coopera\u00e7\u00e3o<\/em><\/h4>\n\n\n\n<p>\u201cDesde pequena eu sofro com a discrimina\u00e7\u00e3o. Na escola, quando descobriram que minha m\u00e3e era catadora, eles olhavam para a minha roupa e diziam: essa roupa estava no lixo? Entrei em um processo de depress\u00e3o que minha m\u00e3e me ajudou a sair. Ela me leva para encontros e reuni\u00f5es e eu descobri que somos bem-vindos em muitos lugares. N\u00e3o importa se \u00e9 preto ou branco, a cata\u00e7\u00e3o \u00e9 profiss\u00e3o e a sociedade precisa entender isso. Minha fam\u00edlia \u00e9 uma fam\u00edlia de catadores e, nossa, minha m\u00e3e est\u00e1 conquistando tanta coisa&#8230;\u201d.<\/p>\n\n\n\n<p>O relato de Ana Vit\u00f3ria Barros, catadora de materiais recicl\u00e1veis, exemplificou o teor da forma\u00e7\u00e3o das juventudes da Unicopas no Centro-Oeste, que reuniu durante dois dias jovens da Unicafes Nacional, da Unisol Brasil, da Concrab\/MST e da Unicatadores, todas centrais do cooperativismo solid\u00e1rio afiliadas \u00e0 Unicopas.<\/p>\n\n\n\n<p>Conduzida por Rosana Santos, do Movimento Negro Unificado (MNU), as juventudes do campo e da cidade puderam entender o processo desse racismo estrutural presente na sociedade brasileira que muitos deles ainda sofrem, como Ana Vit\u00f3ria, desde meninas e meninos. Como numa roda de conversa virtual, a import\u00e2ncia da representa\u00e7\u00e3o dessa mulher negra lutadora foi personificada na m\u00e3e de Ana Vit\u00f3ria.<\/p>\n\n\n\n<figure class=\"wp-block-image size-large\"><img loading=\"lazy\" decoding=\"async\" width=\"1126\" height=\"720\" src=\"https:\/\/unicopas.org.br\/corporativo\/wp-content\/uploads\/2021\/06\/juventudes-centro-oeste-1-1126x720.jpg\" alt=\"\" class=\"wp-image-35121\" srcset=\"https:\/\/unicopas.org.br\/noticias\/wp-content\/uploads\/sites\/2\/2021\/06\/juventudes-centro-oeste-1-1126x720.jpg 1126w, https:\/\/unicopas.org.br\/noticias\/wp-content\/uploads\/sites\/2\/2021\/06\/juventudes-centro-oeste-1-803x513.jpg 803w, https:\/\/unicopas.org.br\/noticias\/wp-content\/uploads\/sites\/2\/2021\/06\/juventudes-centro-oeste-1-768x491.jpg 768w, https:\/\/unicopas.org.br\/noticias\/wp-content\/uploads\/sites\/2\/2021\/06\/juventudes-centro-oeste-1.jpg 1250w\" sizes=\"auto, (max-width: 1126px) 100vw, 1126px\" \/><figcaption>Rosana Santos, do Movimento Negro Unificado, conversa sobre racismo com as juventudes da Unicopas<\/figcaption><\/figure>\n\n\n\n<p>\u201cVendem a ideia de mulher negra guerreira, n\u00e3o \u00e9 que ela seja guerreira, mas n\u00f3s, mulheres negras e perif\u00e9ricas n\u00e3o temos op\u00e7\u00e3o. A nossa \u00fanica escolha \u00e9 lutar. N\u00e3o nos d\u00e3o a alternativa para desistir. E o que \u00e9 diferente na hist\u00f3ria de voc\u00eas que se re\u00fanem por conta do cooperativismo solid\u00e1rio? \u00c9 essa uni\u00e3o. S\u00e3o os bra\u00e7os dados, lado a lado. Na sociedade brasileira o povo negro \u00e9 proibido de se unir\u201d, disse Rosana.<\/p>\n\n\n\n<p>Para ela, falar sobre racismo \u00e9 algo essencial porque, por exemplo, \u201cquando pensamos em catadores e catadoras, a gente sabe que tem cor e sabe de onde vem\u201d. De acordo com o Anu\u00e1rio da Reciclagem 2020, mais da metade dos profissionais da cata\u00e7\u00e3o hoje no Brasil (55%) \u00e9 mulher, a maioria negra. \u201cTemos de aprender a falar. Quanto mais negro levantar a voz, mas negros e negras vir\u00e3o\u201d.<\/p>\n\n\n\n<figure class=\"wp-block-image size-large\"><img decoding=\"async\" src=\"https:\/\/unicopas.org.br\/corporativo\/wp-content\/uploads\/2021\/06\/Nuvem-de-palavras_Encontro-de-juventudes-centro-oeste-1280x510.jpeg\" alt=\"\" class=\"wp-image-35120\" \/><\/figure>\n\n\n\n<p>N\u00e3o por acaso, o conhecimento ganhou destaque quando as juventudes foram desafiadas a descrever com tr\u00eas palavras qual foi o significado do encontro para cada participante.<\/p>\n\n\n\n<p>Os encontros regionais das juventudes que ocorrem em todas as regi\u00f5es do Brasil fazem parte do projeto \u2018Fortalecimento da Rede Unicopas\u2019, co-financiado pela Uni\u00e3o Europeia, e buscam promover o protagonismo delas e deles em espa\u00e7os de incid\u00eancia pol\u00edtica e de controle social de pol\u00edticas p\u00fablicas.<\/p>\n\n\n<h3 class=\"crp-list-title\">Confira mais atividades das Juventudes da Unicopas<\/h3><ul class=\"crp-list\"><li class=\"crp-list-item crp-list-item-image-none\"><div class=\"crp-list-item-title\"><a href=\"https:\/\/unicopas.org.br\/noticias\/blog\/2021\/05\/11\/evento-virtual-apresenta-jovens-liderancas-do-cooperativismo-solidario\/\">Evento virtual apresenta jovens lideran\u00e7as do cooperativismo solid\u00e1rio<\/a><\/div><\/li><li class=\"crp-list-item crp-list-item-image-none\"><div class=\"crp-list-item-title\"><a href=\"https:\/\/unicopas.org.br\/noticias\/blog\/2021\/08\/12\/jovens-construindo-o-cooperativismo-solidario-conheca-o-perfil-da-juventude-unicopas\/\">Jovens construindo o cooperativismo solid\u00e1rio: conhe\u00e7a o perfil da juventude Unicopas<\/a><\/div><\/li><li class=\"crp-list-item crp-list-item-image-none\"><div class=\"crp-list-item-title\"><a href=\"https:\/\/unicopas.org.br\/noticias\/cooperativismo-ecosol\/organizacao-e-conexao-foram-pontos-altos-no-encontro-das-juventudes-do-nordeste\/\">Organiza\u00e7\u00e3o e conex\u00e3o foram pontos altos no encontro das juventudes do Nordeste<\/a><\/div><\/li><li class=\"crp-list-item crp-list-item-image-none\"><div class=\"crp-list-item-title\"><a href=\"https:\/\/unicopas.org.br\/noticias\/unicopas\/regiao-sul-inicia-ciclo-de-formacao-das-juventudes-da-rede-unicopas\/\">Regi\u00e3o Sul inicia ciclo de forma\u00e7\u00e3o das juventudes da rede Unicopas<\/a><\/div><\/li><li class=\"crp-list-item crp-list-item-image-none\"><div class=\"crp-list-item-title\"><a href=\"https:\/\/unicopas.org.br\/noticias\/cooperativismo-ecosol\/unicopas-inicia-formacao-das-juventudes-nas-cinco-regioes-do-pais\/\">Unicopas inicia forma\u00e7\u00e3o das juventudes nas cinco regi\u00f5es do pa\u00eds<\/a><\/div><\/li><li class=\"crp-list-item crp-list-item-image-none\"><div class=\"crp-list-item-title\"><a href=\"https:\/\/unicopas.org.br\/noticias\/cooperativismo-ecosol\/e-preciso-dar-voz-as-juventudes-falar-e-o-ato-mais-revolucionario\/\">\u00c9 preciso dar voz \u00e0s juventudes: \u201cfalar \u00e9 o ato mais revolucion\u00e1rio\u201d<\/a><\/div><\/li><\/ul>","protected":false},"excerpt":{"rendered":"<div class=\"mh-excerpt\"><p>Realizado nessa ter\u00e7a e quarta-feira (08 e 09 de junho) em formato totalmente virtual, Encontro das Juventudes da Unicopas \u2013 Regi\u00e3o Centro-oeste, debateu pautas comuns, como racismo, trabalho e coopera\u00e7\u00e3o <\/p>\n<\/div>","protected":false},"author":5,"featured_media":35684,"comment_status":"closed","ping_status":"open","sticky":false,"template":"","format":"standard","meta":{"_coblocks_attr":"","_coblocks_dimensions":"","_coblocks_responsive_height":"","_coblocks_accordion_ie_support":"","footnotes":""},"categories":[39,491],"tags":[184,65,67,75,155,447,104,105,106,107],"class_list":["post-35119","post","type-post","status-publish","format-standard","has-post-thumbnail","hentry","category-juventudes","category-unicopas","tag-concrab","tag-cooperativismo","tag-cooperativismo-solidario","tag-economia-solidaria","tag-juventudes","tag-racismo","tag-unicafes","tag-unicatadores","tag-unicopas","tag-unisol"],"_links":{"self":[{"href":"https:\/\/unicopas.org.br\/noticias\/wp-json\/wp\/v2\/posts\/35119","targetHints":{"allow":["GET"]}}],"collection":[{"href":"https:\/\/unicopas.org.br\/noticias\/wp-json\/wp\/v2\/posts"}],"about":[{"href":"https:\/\/unicopas.org.br\/noticias\/wp-json\/wp\/v2\/types\/post"}],"author":[{"embeddable":true,"href":"https:\/\/unicopas.org.br\/noticias\/wp-json\/wp\/v2\/users\/5"}],"replies":[{"embeddable":true,"href":"https:\/\/unicopas.org.br\/noticias\/wp-json\/wp\/v2\/comments?post=35119"}],"version-history":[{"count":2,"href":"https:\/\/unicopas.org.br\/noticias\/wp-json\/wp\/v2\/posts\/35119\/revisions"}],"predecessor-version":[{"id":36103,"href":"https:\/\/unicopas.org.br\/noticias\/wp-json\/wp\/v2\/posts\/35119\/revisions\/36103"}],"wp:featuredmedia":[{"embeddable":true,"href":"https:\/\/unicopas.org.br\/noticias\/wp-json\/wp\/v2\/media\/35684"}],"wp:attachment":[{"href":"https:\/\/unicopas.org.br\/noticias\/wp-json\/wp\/v2\/media?parent=35119"}],"wp:term":[{"taxonomy":"category","embeddable":true,"href":"https:\/\/unicopas.org.br\/noticias\/wp-json\/wp\/v2\/categories?post=35119"},{"taxonomy":"post_tag","embeddable":true,"href":"https:\/\/unicopas.org.br\/noticias\/wp-json\/wp\/v2\/tags?post=35119"}],"curies":[{"name":"wp","href":"https:\/\/api.w.org\/{rel}","templated":true}]}}