{"id":34606,"date":"2020-09-22T14:43:11","date_gmt":"2020-09-22T17:43:11","guid":{"rendered":"http:\/\/unicopas.org.br\/?p=34606"},"modified":"2022-03-14T16:30:36","modified_gmt":"2022-03-14T19:30:36","slug":"economia-solidaria-eleicoes-2020-e-o-futuro-do-brasil-seminario-debate-estrategias-de-desenvolvimento-economico-com-sustentabilidade","status":"publish","type":"post","link":"https:\/\/unicopas.org.br\/noticias\/economia-solidaria-eleicoes-2020-e-o-futuro-do-brasil-seminario-debate-estrategias-de-desenvolvimento-economico-com-sustentabilidade\/","title":{"rendered":"Economia Solid\u00e1ria, Elei\u00e7\u00f5es 2020 e o Futuro do Brasil: semin\u00e1rio debate estrat\u00e9gias de desenvolvimento econ\u00f4mico com sustentabilidade"},"content":{"rendered":"\n<h4 class=\"wp-block-heading\"><em>Promovido pela Rede de Gestores de Pol\u00edticas P\u00fablicas de Economia Solid\u00e1ria, evento reuniu parlamentares, especialistas e organiza\u00e7\u00f5es, entre elas a Unicopas. Incid\u00eancia estrat\u00e9gica para a promo\u00e7\u00e3o de desenvolvimento local que favore\u00e7a a inclus\u00e3o de trabalhadores e trabalhadoras do campo e das cidades por meio do cooperativismo e da economia solid\u00e1ria e fomente empreendimentos econ\u00f4micos solid\u00e1rios em todo o Brasil, foi debatida e reafirmada enquanto prioridade na corrida eleitoral de munic\u00edpios e estados.<\/em><\/h4>\n\n\n\n<p>\u201cO futuro que queremos se organiza agora\u201d. Foi com esta frase que Francisco Dal Chiavon, mais conhecido como Chic\u00e3o, presidente da Unicopas, resumiu a necessidade e urg\u00eancia de articular e mobilizar hoje a sociedade que desejamos para o amanh\u00e3.<\/p>\n\n\n\n<p>A fala ocorreu durante o semin\u00e1rio \u2018Economia Solid\u00e1ria, Elei\u00e7\u00f5es 2020 e o Futuro do Brasil\u2019, promovido pela Rede de Gestores de Pol\u00edticas P\u00fablicas e Economia Solid\u00e1ria, que reuniu, nesta segunda e ter\u00e7a \u2013feira, 21 e 22 de setembro, para um debate virtual, parlamentares, especialistas e organiza\u00e7\u00f5es sociais, dentre elas a Unicopas (Uni\u00e3o Nacional das Organiza\u00e7\u00f5es Cooperativistas Solid\u00e1rias), que congrega as quatro principais centrais do cooperativismo e da economia solid\u00e1ria no Brasil: Unicafes Nacional, Unisol Brasil, Concrab e Unicatadores.<\/p>\n\n\n\n<p>Com o in\u00edcio do processo eleitoral 2020 nos estados e munic\u00edpios, o debate sobre uma incid\u00eancia estrat\u00e9gica do movimento do cooperativismo e da economia solid\u00e1ria para o fomento do desenvolvimento local com inclus\u00e3o efetiva de trabalhadores e trabalhadoras do campo e da cidade, principalmente os mais vulnerabilizados, e consequente constru\u00e7\u00e3o de uma sociedade mais justa, igualit\u00e1ria e fraterna que esteja centrada em rela\u00e7\u00f5es econ\u00f4micas mais sustent\u00e1veis, foi o centro das discuss\u00f5es.<\/p>\n\n\n\n<p>Os participantes reafirmaram a economia solid\u00e1ria enquanto pol\u00edtica p\u00fablica que apresenta propostas concretas para o enfrentamento do cen\u00e1rio p\u00f3s-pandemia, sendo caminho real para o desenvolvimento local e territorial com gera\u00e7\u00e3o de trabalho, renda, produ\u00e7\u00e3o e distribui\u00e7\u00e3o de riqueza e cidadania participativa em contraponto a realidade apresentada pelo professor da Universidade Federal do Rio Grande do Norte, Roberto Marinho. Ele ressaltou que estudos da OXFAM mostram que, por dia, mais de 12 mil pessoas podem morrer de fome no mundo enquanto os mais ricos aumentaram suas fortunas. A Organiza\u00e7\u00e3o Nacional do Trabalho (OIT) diz que 400 milh\u00f5es de pessoas est\u00e3o desempregadas em tempo integral no mundo e, no Brasil, segundo o Dieese, mais de 50 milh\u00f5es de pessoas est\u00e3o desempregadas ou subempregadas. \u201cNeste momento de elei\u00e7\u00f5es vamos disputar projetos de sociedade. \u00c9 fundamental participar ativamente desse processo. Construir plataformas e eleger representantes que acreditem na humanidade, na igualdade e que, acima de tudo, acreditem no desenvolvimento de uma outra economia\u201d.<\/p>\n\n\n\n<p>E para que isso, de fato, ocorra, segundo Chic\u00e3o, \u00e9 preciso que algumas quest\u00f5es estejam no centro das pautas da gest\u00e3o p\u00fablica. \u201cComo voc\u00ea junta 20 trabalhadores empobrecidos e descapitalizados para criar uma empresa? \u00c9 quase imposs\u00edvel! Por isso, n\u00f3s da Unicopas, elencamos pontos para o setor p\u00fablico que podem estimular a cria\u00e7\u00e3o e a sustentabilidade de cooperativas com vi\u00e9s econ\u00f4mico solid\u00e1rio\u201d, disse.<\/p>\n\n\n\n<p>Trabalhar por pol\u00edticas p\u00fablicas que garantam forma\u00e7\u00f5es na \u00e1rea de gest\u00e3o para cooperativas solid\u00e1rias, que estimulem arranjos produtivos e a forma\u00e7\u00e3o de redes, com apoio financeiro e fortalecimento de pol\u00edticas j\u00e1 existentes como o PAA (Programa de Aquisi\u00e7\u00e3o de Alimentos) e o PNAE (Programa Nacional de Alimenta\u00e7\u00e3o Escolar), foram uma das estrat\u00e9gias vi\u00e1veis elencadas pelo presidente da Unicopas. Al\u00e9m disso, a cria\u00e7\u00e3o de programas de forma\u00e7\u00e3o em cooperativismo em escolas e voltados \u00e0 grande massa de desempregados podem estimular o desenvolvimento local com mais sustentabilidade. \u201cO Estado precisa ser o indutor desse est\u00edmulo. Em alguns estados e em muitos munic\u00edpios h\u00e1 uma boa vontade com rela\u00e7\u00e3o a isso, mas quando o governo acaba, ela vai embora. Por isso, a constru\u00e7\u00e3o do cooperativismo solid\u00e1rio precisa ser obra dos pr\u00f3prios trabalhadores e trabalhadoras\u201d.<\/p>\n\n\n\n<p>Por isso, a participa\u00e7\u00e3o ativa da sociedade civil organizada \u00e9 vital para que pol\u00edticas p\u00fablicas de economia solid\u00e1ria possam ser, de fato, pol\u00edticas de desenvolvimento, conforme defendeu Milton Barbosa, superintendente de Economia Solid\u00e1ria da Bahia. Com 14 anos de uma experi\u00eancia cont\u00ednua de pol\u00edticas p\u00fablicas de economia solid\u00e1ria no estado, Barbosa disse que \u00e9 preciso incidir no processo eleitoral para que se tenha condi\u00e7\u00f5es iniciais efetivas de constru\u00e7\u00e3o de pol\u00edticas que beneficiem a economia solid\u00e1ria nos estados e munic\u00edpios. \u201cPrecisamos ter gestores sens\u00edveis \u00e0 economia solid\u00e1ria e essa sensibiliza\u00e7\u00e3o precisa fazer parte da estrat\u00e9gia das organiza\u00e7\u00f5es. Se n\u00e3o tivermos prefeitos e governadores sens\u00edveis as nossas pautas, dificilmente conquistaremos as pol\u00edticas que almejamos\u201d, salientou.<\/p>\n\n\n\n<p>Um dos instrumentos que podem auxiliar neste processo, para Tatiane Valente, do F\u00f3rum Nacional de Economia Solid\u00e1ria (FBES), \u00e9 pensar estrategicamente a cria\u00e7\u00e3o de instrumentos que mostrem, em dados reais, a pot\u00eancia e a for\u00e7a econ\u00f4mica da economia solid\u00e1ria no Brasil. \u201cA economia solid\u00e1ria faz uma grande diferen\u00e7a na economia local, mas n\u00f3s n\u00e3o aparecemos porque esses dados n\u00e3o existem em sua totalidade. E n\u00f3s s\u00f3 conseguiremos isso em parceria com o poder p\u00fablico. A economia solid\u00e1ria existe, ela \u00e9 forte e acontece todos os dias em todos os cantos do pa\u00eds\u201d, observou.<\/p>\n\n\n\n<p>Atualmente, com rela\u00e7\u00e3o \u00e0s cooperativas, por exemplo, segundo dados da Organiza\u00e7\u00e3o das Cooperativas no Brasil (OCB), existem pouco mais de 6,8 mil cooperativas no Brasil, contudo, como lembrou Chic\u00e3o, estes dados competem apenas \u00e0s afiliadas da OCB e n\u00e3o remetem a realidade brasileira. Somente no campo da economia solid\u00e1ria, estima-se que existam, aproximadamente, 20 mil empreendimentos.<\/p>\n\n\n\n<figure class=\"wp-block-image size-large\"><img loading=\"lazy\" decoding=\"async\" width=\"720\" height=\"720\" src=\"http:\/\/unicopas.org.br\/corporativo\/wp-content\/uploads\/2020\/07\/infografico_02-720x720.png\" alt=\"\" class=\"wp-image-34370\" srcset=\"https:\/\/unicopas.org.br\/noticias\/wp-content\/uploads\/sites\/2\/2020\/07\/infografico_02-720x720.png 720w, https:\/\/unicopas.org.br\/noticias\/wp-content\/uploads\/sites\/2\/2020\/07\/infografico_02-513x513.png 513w, https:\/\/unicopas.org.br\/noticias\/wp-content\/uploads\/sites\/2\/2020\/07\/infografico_02-768x768.png 768w, https:\/\/unicopas.org.br\/noticias\/wp-content\/uploads\/sites\/2\/2020\/07\/infografico_02-24x24.png 24w, https:\/\/unicopas.org.br\/noticias\/wp-content\/uploads\/sites\/2\/2020\/07\/infografico_02-48x48.png 48w, https:\/\/unicopas.org.br\/noticias\/wp-content\/uploads\/sites\/2\/2020\/07\/infografico_02-96x96.png 96w, https:\/\/unicopas.org.br\/noticias\/wp-content\/uploads\/sites\/2\/2020\/07\/infografico_02-150x150.png 150w, https:\/\/unicopas.org.br\/noticias\/wp-content\/uploads\/sites\/2\/2020\/07\/infografico_02-300x300.png 300w, https:\/\/unicopas.org.br\/noticias\/wp-content\/uploads\/sites\/2\/2020\/07\/infografico_02.png 1200w\" sizes=\"auto, (max-width: 720px) 100vw, 720px\" \/><\/figure>\n\n\n\n<p>Francisco Dal Chiavon ainda lembrou que o modelo de cooperativismo defendido pela Unicopas n\u00e3o dialoga com a l\u00f3gica do capital, em que uma grande cooperativa pouco se diferencia de uma grande empresa, mas defende, em primeiro lugar, a exist\u00eancia de um princ\u00edpio de organiza\u00e7\u00e3o que emerge a partir da for\u00e7a de trabalho de trabalhadores para trabalhadores. \u201cE esta forma de organiza\u00e7\u00e3o precisa ser flex\u00edvel, levando em considera\u00e7\u00e3o as especificidades de cada realidade\u201d, destacou.<\/p>\n\n\n\n<p>Por isso, a liberdade de filia\u00e7\u00e3o, por exemplo, \u00e9 um dos desafios que precisam ser enfrentados. Atualmente, as cooperativas brasileiras s\u00f3 t\u00eam uma op\u00e7\u00e3o, que \u00e9 a filia\u00e7\u00e3o junto \u00e0 Organiza\u00e7\u00e3o das Cooperativas do Brasil (OCB), todavia, a maioria das cooperativas do ramo da economia solid\u00e1ria n\u00e3o dialoga com a l\u00f3gica por eles estabelecida. Foi por consequ\u00eancia dessa realidade que a Unicopas nasce em 2014, com a miss\u00e3o de representar e fortalecer o cooperativismo e a economia solidaria no pa\u00eds. \u201cA Constitui\u00e7\u00e3o de 1988 prev\u00ea a liberdade de associa\u00e7\u00e3o, por isso, termos uma legisla\u00e7\u00e3o que determina somente uma forma associativa \u00e9 inconstitucional\u201d, lembrou o presidente da Unicopas.&nbsp;<\/p>\n\n\n\n<h4 class=\"wp-block-heading\">Assista a integra do Semin\u00e1rio \u2018Economia Solid\u00e1ria, Elei\u00e7\u00f5es 2020 e o Futuro do Brasil\u2019<\/h4>\n\n\n\n<figure class=\"wp-block-embed\"><div class=\"wp-block-embed__wrapper\">\n<div class=\"epyt-video-wrapper\"><iframe loading=\"lazy\"  id=\"_ytid_15506\"  width=\"480\" height=\"270\"  data-origwidth=\"480\" data-origheight=\"270\" src=\"https:\/\/www.youtube.com\/embed\/Kbb88BqVlkE?enablejsapi=1&#038;autoplay=0&#038;cc_load_policy=0&#038;cc_lang_pref=&#038;iv_load_policy=1&#038;loop=0&#038;modestbranding=0&#038;rel=0&#038;fs=1&#038;playsinline=0&#038;autohide=2&#038;theme=dark&#038;color=red&#038;controls=1&#038;\" class=\"__youtube_prefs__  epyt-is-override  no-lazyload\" title=\"YouTube player\"  allow=\"accelerometer; autoplay; clipboard-write; encrypted-media; gyroscope; picture-in-picture\" allowfullscreen data-no-lazy=\"1\" data-skipgform_ajax_framebjll=\"\"><\/iframe><\/div>\n<\/div><\/figure>\n\n\n\n<figure class=\"wp-block-embed\"><div class=\"wp-block-embed__wrapper\">\n<div class=\"epyt-video-wrapper\"><iframe loading=\"lazy\"  id=\"_ytid_95152\"  width=\"480\" height=\"270\"  data-origwidth=\"480\" data-origheight=\"270\" src=\"https:\/\/www.youtube.com\/embed\/IslZY-9_99g?enablejsapi=1&#038;autoplay=0&#038;cc_load_policy=0&#038;cc_lang_pref=&#038;iv_load_policy=1&#038;loop=0&#038;modestbranding=0&#038;rel=0&#038;fs=1&#038;playsinline=0&#038;autohide=2&#038;theme=dark&#038;color=red&#038;controls=1&#038;\" class=\"__youtube_prefs__  epyt-is-override  no-lazyload\" title=\"YouTube player\"  allow=\"accelerometer; autoplay; clipboard-write; encrypted-media; gyroscope; picture-in-picture\" allowfullscreen data-no-lazy=\"1\" data-skipgform_ajax_framebjll=\"\"><\/iframe><\/div>\n<\/div><\/figure>\n","protected":false},"excerpt":{"rendered":"<div class=\"mh-excerpt\"><p>Promovido pela Rede de Gestores de Pol\u00edticas P\u00fablicas de Economia Solid\u00e1ria, evento reuniu parlamentares, especialistas e organiza\u00e7\u00f5es, entre elas a Unicopas<\/p>\n<\/div>","protected":false},"author":8,"featured_media":34370,"comment_status":"closed","ping_status":"open","sticky":false,"template":"","format":"standard","meta":{"_coblocks_attr":"","_coblocks_dimensions":"","_coblocks_responsive_height":"","_coblocks_accordion_ie_support":"","footnotes":""},"categories":[493,491],"tags":[64,65,66,67,154,75,357,106],"class_list":["post-34606","post","type-post","status-publish","format-standard","has-post-thumbnail","hentry","category-incidencia-unicopas","category-unicopas","tag-cooperativas","tag-cooperativismo","tag-cooperativismo-social","tag-cooperativismo-solidario","tag-economia","tag-economia-solidaria","tag-eleicoes-2020","tag-unicopas"],"_links":{"self":[{"href":"https:\/\/unicopas.org.br\/noticias\/wp-json\/wp\/v2\/posts\/34606","targetHints":{"allow":["GET"]}}],"collection":[{"href":"https:\/\/unicopas.org.br\/noticias\/wp-json\/wp\/v2\/posts"}],"about":[{"href":"https:\/\/unicopas.org.br\/noticias\/wp-json\/wp\/v2\/types\/post"}],"author":[{"embeddable":true,"href":"https:\/\/unicopas.org.br\/noticias\/wp-json\/wp\/v2\/users\/8"}],"replies":[{"embeddable":true,"href":"https:\/\/unicopas.org.br\/noticias\/wp-json\/wp\/v2\/comments?post=34606"}],"version-history":[{"count":1,"href":"https:\/\/unicopas.org.br\/noticias\/wp-json\/wp\/v2\/posts\/34606\/revisions"}],"predecessor-version":[{"id":36016,"href":"https:\/\/unicopas.org.br\/noticias\/wp-json\/wp\/v2\/posts\/34606\/revisions\/36016"}],"wp:featuredmedia":[{"embeddable":true,"href":"https:\/\/unicopas.org.br\/noticias\/wp-json\/wp\/v2\/media\/34370"}],"wp:attachment":[{"href":"https:\/\/unicopas.org.br\/noticias\/wp-json\/wp\/v2\/media?parent=34606"}],"wp:term":[{"taxonomy":"category","embeddable":true,"href":"https:\/\/unicopas.org.br\/noticias\/wp-json\/wp\/v2\/categories?post=34606"},{"taxonomy":"post_tag","embeddable":true,"href":"https:\/\/unicopas.org.br\/noticias\/wp-json\/wp\/v2\/tags?post=34606"}],"curies":[{"name":"wp","href":"https:\/\/api.w.org\/{rel}","templated":true}]}}