{"id":34583,"date":"2020-09-16T14:32:39","date_gmt":"2020-09-16T17:32:39","guid":{"rendered":"http:\/\/unicopas.org.br\/?p=34583"},"modified":"2020-09-16T14:32:39","modified_gmt":"2020-09-16T17:32:39","slug":"edital-no-009-2020-consultoria-em-advocacy-e-incidencia-em-agroecologia-e-questoes-agrarias","status":"publish","type":"post","link":"https:\/\/unicopas.org.br\/noticias\/edital-no-009-2020-consultoria-em-advocacy-e-incidencia-em-agroecologia-e-questoes-agrarias\/","title":{"rendered":"Edital N\u00ba 009 \/ 2020 &#8211; Consultoria em Advocacy e Incid\u00eancia em Agroecologia e Quest\u00f5es Agr\u00e1rias"},"content":{"rendered":"\n<p><strong>A UNI\u00c3O NACIONAL DE COOPERATIVAS DA AGRICULTURA FAMILIAR E<\/strong> <strong>ECONOMIA SOLID\u00c1RIA (Unicafes)<\/strong>, inscrita no CNPJ sob o n. 07.738.836\/0001-37 torna p\u00fablico a abertura de inscri\u00e7\u00f5es para contrata\u00e7\u00e3o de Consultoria especializada em Advocacy e Incid\u00eancia em Agroecologia e Quest\u00f5es Agr\u00e1rias, no \u00e2mbito do projeto <strong>\u201cFortalecimento da Rede UNICOPAS &#8211; Uni\u00e3o Nacional das Organiza\u00e7\u00f5es Cooperativistas Solid\u00e1rias\u201d<\/strong>, com despesas pagas pelo Conv\u00eanio (CSO-LA\/2018\/400- 905) formalizado entre a Unicafes e a Delega\u00e7\u00e3o da Uni\u00e3o Europeia no Brasil.<\/p>\n\n\n\n<h4 class=\"wp-block-heading\">1.&nbsp;&nbsp;&nbsp;&nbsp;&nbsp; DO OBJETO<\/h4>\n\n\n\n<p>Constitui objeto do presente Edital de Chamamento de Curr\u00edculos para contrata\u00e7\u00e3o de pessoa jur\u00eddica, cooperativas, associa\u00e7\u00f5es ou empresas para presta\u00e7\u00e3o de servi\u00e7o de assessoria e consultoria especializada conforme o plano de trabalho do projeto a ser elaborado: participa\u00e7\u00e3o em espa\u00e7os de incid\u00eancia pol\u00edtica; desenvolvimento de a\u00e7\u00f5es de advocacy; elabora\u00e7\u00e3o de material para forma\u00e7\u00f5es em incid\u00eancia e economia solid\u00e1ria; dentre outras atividades.<\/p>\n\n\n\n<h4 class=\"wp-block-heading\">2.&nbsp;&nbsp;&nbsp;&nbsp;&nbsp; DAS ESPECIFICA\u00c7\u00d5ES<\/h4>\n\n\n\n<p>A consultoria ter\u00e1 atua\u00e7\u00e3o na \u00e1rea de agroecologia e quest\u00f5es agr\u00e1rias, com transversalidade nas tem\u00e1ticas de fortalecimento e empoderamento de mulheres e jovens na economia solid\u00e1ria, de direitos humanos econ\u00f4micos e sociais e da implementa\u00e7\u00e3o dos Objetivos do Desenvolvimento Sustent\u00e1vel (ODS) &#8211; Agenda 2030. A consultoria ser\u00e1 contratada por hora e prestar\u00e1 servi\u00e7o ao longo do projeto por produtos desenvolvidos.<\/p>\n\n\n\n<figure class=\"wp-block-table\"><table><tbody><tr><td><strong>Descri\u00e7\u00e3o<\/strong><\/td><td><strong>Valor unit\u00e1rio (R$\/hora)<\/strong><\/td><td><strong>Total de horas (horas)<\/strong><\/td><td><strong>Valor total do lote (R$)<\/strong><\/td><\/tr><tr><td>Contrata\u00e7\u00e3o de consultoria em Advocacy e Incid\u00eancia Pol\u00edtica &#8211; Agroecologia e Quest\u00f5es Agr\u00e1rias.<\/td><td>R$ 83,00<\/td><td>1060,30<\/td><td>R$ 88.005,25<\/td><\/tr><\/tbody><\/table><\/figure>\n\n\n\n<h4 class=\"wp-block-heading\">3. DAS DATAS E PRAZOS <\/h4>\n\n\n\n<p>O per\u00edodo de inscri\u00e7\u00f5es e envio dos documentos solicitados ser\u00e1 a partir da data de publica\u00e7\u00e3o deste Edital no s\u00edtio eletr\u00f4nico da Unicopas (www.unicopas.org.br) <strong>at\u00e9 o dia &nbsp;25 de setembro<\/strong>.<\/p>\n\n\n\n<p>O resultado de candidaturas habilitadas ser\u00e1 divulgado no s\u00edtio eletr\u00f4nico da Unicopas (www.unicopas.org.br) <strong>at\u00e9 o dia 29 de setembro de 2020<\/strong>.<\/p>\n\n\n\n<p>A interposi\u00e7\u00e3o de recurso sobre habilita\u00e7\u00e3o poder\u00e1 ser apresentada at\u00e9 2 (dois) dias \u00fateis ap\u00f3s a divulga\u00e7\u00e3o do resultado de candidaturas habilitadas.<\/p>\n\n\n\n<p>O resultado das selecionadas deste Edital ser\u00e1 divulgado no s\u00edtio eletr\u00f4nico da Unicopas (www.unicopas.org.br) <strong>at\u00e9 o dia 05 de outubro de 2020<\/strong>.<\/p>\n\n\n\n<p>Os prazos deste Edital poder\u00e3o ser prorrogados a crit\u00e9rio do Comit\u00ea Gestor do projeto.<\/p>\n\n\n\n<h3 class=\"has-text-align-center wp-block-heading\"><a href=\"http:\/\/unicopas.org.br\/corporativo\/wp-content\/uploads\/2020\/09\/Edital-09-20_revisado.pdf\" target=\"_blank\" rel=\"noreferrer noopener\">Acesse aqui o edital completo para se inscrever <\/a><\/h3>\n\n\n\n<p><\/p>\n","protected":false},"excerpt":{"rendered":"<div class=\"mh-excerpt\"><p>A UNI\u00c3O NACIONAL DE COOPERATIVAS DA AGRICULTURA FAMILIAR E ECONOMIA SOLID\u00c1RIA (Unicafes), inscrita no CNPJ sob o n. 07.738.836\/0001-37 torna p\u00fablico a abertura de inscri\u00e7\u00f5es <a class=\"mh-excerpt-more\" href=\"https:\/\/unicopas.org.br\/noticias\/edital-no-009-2020-consultoria-em-advocacy-e-incidencia-em-agroecologia-e-questoes-agrarias\/\" title=\"Edital N\u00ba 009 \/ 2020 &#8211; Consultoria em Advocacy e Incid\u00eancia em Agroecologia e Quest\u00f5es Agr\u00e1rias\">[&#8230;]<\/a><\/p>\n<\/div>","protected":false},"author":5,"featured_media":34589,"comment_status":"closed","ping_status":"open","sticky":false,"template":"","format":"standard","meta":{"_coblocks_attr":"","_coblocks_dimensions":"","_coblocks_responsive_height":"","_coblocks_accordion_ie_support":"","footnotes":""},"categories":[321],"tags":[307,106],"class_list":["post-34583","post","type-post","status-publish","format-standard","has-post-thumbnail","hentry","category-editais","tag-edital","tag-unicopas"],"_links":{"self":[{"href":"https:\/\/unicopas.org.br\/noticias\/wp-json\/wp\/v2\/posts\/34583","targetHints":{"allow":["GET"]}}],"collection":[{"href":"https:\/\/unicopas.org.br\/noticias\/wp-json\/wp\/v2\/posts"}],"about":[{"href":"https:\/\/unicopas.org.br\/noticias\/wp-json\/wp\/v2\/types\/post"}],"author":[{"embeddable":true,"href":"https:\/\/unicopas.org.br\/noticias\/wp-json\/wp\/v2\/users\/5"}],"replies":[{"embeddable":true,"href":"https:\/\/unicopas.org.br\/noticias\/wp-json\/wp\/v2\/comments?post=34583"}],"version-history":[{"count":0,"href":"https:\/\/unicopas.org.br\/noticias\/wp-json\/wp\/v2\/posts\/34583\/revisions"}],"wp:featuredmedia":[{"embeddable":true,"href":"https:\/\/unicopas.org.br\/noticias\/wp-json\/wp\/v2\/media\/34589"}],"wp:attachment":[{"href":"https:\/\/unicopas.org.br\/noticias\/wp-json\/wp\/v2\/media?parent=34583"}],"wp:term":[{"taxonomy":"category","embeddable":true,"href":"https:\/\/unicopas.org.br\/noticias\/wp-json\/wp\/v2\/categories?post=34583"},{"taxonomy":"post_tag","embeddable":true,"href":"https:\/\/unicopas.org.br\/noticias\/wp-json\/wp\/v2\/tags?post=34583"}],"curies":[{"name":"wp","href":"https:\/\/api.w.org\/{rel}","templated":true}]}}