{"id":34074,"date":"2020-03-08T10:59:36","date_gmt":"2020-03-08T13:59:36","guid":{"rendered":"http:\/\/unicopas.org.br\/?p=34074"},"modified":"2022-03-03T22:50:27","modified_gmt":"2022-03-04T01:50:27","slug":"especial-8m-descubra-por-que-o-cooperativismo-e-a-economia-solidaria-sao-instrumentos-de-transformacao","status":"publish","type":"post","link":"https:\/\/unicopas.org.br\/noticias\/especial-8m-descubra-por-que-o-cooperativismo-e-a-economia-solidaria-sao-instrumentos-de-transformacao\/","title":{"rendered":"Especial #8M: descubra por que o cooperativismo e a economia solid\u00e1ria s\u00e3o instrumentos de transforma\u00e7\u00e3o"},"content":{"rendered":"\n<h4 class=\"wp-block-heading\"><em>Quatro mulheres e\npraticamente a mesma trajet\u00f3ria. Supera\u00e7\u00e3o, resist\u00eancia, resili\u00eancia e\notimismo. Mesmo frente as adversidades, elas conquistaram seus espa\u00e7os e\nencontraram no cooperativismo e na economia solid\u00e1ria algo que vai al\u00e9m da\nautonomia, elas descobriram ferramentas para seguirem na luta pela equidade de\ng\u00eanero. <\/em><\/h4>\n\n\n\n<p>Regina Dantas de Carvalho. Nelsa Nespoldo. Ant\u00f4nia Ivoneide. Claudete Costa. Elas s\u00e3o de lugares diferentes, com hist\u00f3rias de vida diferentes, mas se encontraram em busca de um mesmo sonho: viver a t\u00e3o sonhada equidade de g\u00eanero. O abismo que ainda h\u00e1 entre mulheres e homens e o machismo estrutural que persiste em toda a sociedade torna o mundo um lugar perigoso e cheio de desafios para a mulher. E dados comprovam isso!<\/p>\n\n\n\n<p class=\"has-background has-medium-font-size has-light-green-cyan-background-color\"><strong>Entenda a diferen\u00e7a entre igualdade e equidade de g\u00eanero <\/strong><\/p>\n\n\n\n<figure class=\"wp-block-image\"><img loading=\"lazy\" decoding=\"async\" width=\"865\" height=\"484\" src=\"https:\/\/unicopas.org.br\/noticias\/wp-content\/uploads\/sites\/2\/2020\/03\/igualdade-equidade-genero.png\" alt=\"\" class=\"wp-image-34075\" srcset=\"https:\/\/unicopas.org.br\/noticias\/wp-content\/uploads\/sites\/2\/2020\/03\/igualdade-equidade-genero.png 865w, https:\/\/unicopas.org.br\/noticias\/wp-content\/uploads\/sites\/2\/2020\/03\/igualdade-equidade-genero-150x84.png 150w, https:\/\/unicopas.org.br\/noticias\/wp-content\/uploads\/sites\/2\/2020\/03\/igualdade-equidade-genero-850x476.png 850w, https:\/\/unicopas.org.br\/noticias\/wp-content\/uploads\/sites\/2\/2020\/03\/igualdade-equidade-genero-768x430.png 768w\" sizes=\"auto, (max-width: 865px) 100vw, 865px\" \/><\/figure>\n\n\n\n<p class=\"has-background has-small-font-size has-light-green-cyan-background-color\"><em>No feminismo usamos o termo \u201cequidade\u201d e n\u00e3o igualdade, elas possuem mensagens diferentes, apesar de terem o mesmo objetivo. Quando buscamos por equidade de g\u00eanero estamos falando de justi\u00e7a, de oportunidades iguais independentemente do g\u00eanero. Partindo de um pressuposto de que todas n\u00e3o s\u00e3o iguais, as oportunidades s\u00e3o diferentes para homens e mulheres, assim como para \u00e0quelas que s\u00e3o negras, de classe baixa ou com mais idade.<\/em>  Fonte: Programa ELAS  <\/p>\n\n\n\n<p>Segundo levantamento feito pelo Dieese (Departamento Intersindical\nde Estat\u00edstica e Estudos Socioecon\u00f4micos), com dados do quarto trimestre do ano\npassado, o rendimento mensal m\u00e9dio das mulheres foi 22% menor que dos homens.\nEm cargos de gest\u00e3o, por exemplo, a cada 10 diretores e gerentes, quatro eram\nmulheres e o rendimento delas era 29% menor. Com a mesma escolaridade, as\nmulheres com n\u00edvel superior tiveram um rendimento m\u00e9dio 38% menor do que os\nhomens. Com a aposentadoria n\u00e3o \u00e9 diferente: em m\u00e9dia, elas receberam 17% menos\nque eles. <\/p>\n\n\n\n<p>Com rela\u00e7\u00e3o aos afazeres dom\u00e9sticos, o abismo \u00e9 gigantesco. As mulheres\ngastaram 95% mais tempo com trabalhos em casa. Isso representa, em m\u00e9dia, 541\nhoras a mais por ano, ou 68 dias, considerando uma jornada de 8 horas por dia. De acordo\ncom a organiza\u00e7\u00e3o Oxfam, o trabalho dom\u00e9stico vale 10 trilh\u00f5es de d\u00f3lares n\u00e3o\npagos a mulheres anualmente. <\/p>\n\n\n\n<p>\u201cO que as mulheres poderiam fazer com esse tempo livre se as tarefas fossem divididas igualmente? Estudar? Conseguir melhores empregos? Descansar? Cuidar de sua sa\u00fade e bem-estar? A import\u00e2ncia dessas perguntas \u00e9 que elas fazem parte de um processo de desnaturaliza\u00e7\u00e3o dessas desigualdades\u201d, destacou Isadora Santos, coordenadora de Projetos da Unicopas (Uni\u00e3o Nacional das Organiza\u00e7\u00f5es Cooperativistas Solid\u00e1rias), que atualmente congrega as quatro principais centrais do cooperativismo e da economia solid\u00e1ria do Brasil: <a href=\"https:\/\/unicopas.org.br\/unicafes\">Unicafes Nacional<\/a>, <a href=\"https:\/\/unicopas.org.br\/unisol-brasil\">Unisol Brasil<\/a>, <a href=\"https:\/\/unicopas.org.br\/concrab\">Concrab<\/a> e <a href=\"https:\/\/unicopas.org.br\/unicatadores\">Unicatadores<\/a>.<\/p>\n\n\n\n<figure class=\"wp-block-image\"><img loading=\"lazy\" decoding=\"async\" width=\"1000\" height=\"707\" src=\"https:\/\/unicopas.org.br\/noticias\/wp-content\/uploads\/sites\/2\/2020\/03\/dieese-genero.jpeg\" alt=\"\" class=\"wp-image-34076\" srcset=\"https:\/\/unicopas.org.br\/noticias\/wp-content\/uploads\/sites\/2\/2020\/03\/dieese-genero.jpeg 1000w, https:\/\/unicopas.org.br\/noticias\/wp-content\/uploads\/sites\/2\/2020\/03\/dieese-genero-726x513.jpeg 726w, https:\/\/unicopas.org.br\/noticias\/wp-content\/uploads\/sites\/2\/2020\/03\/dieese-genero-768x543.jpeg 768w\" sizes=\"auto, (max-width: 1000px) 100vw, 1000px\" \/><figcaption>Gr\u00e1fico elaborado pelo Dieese<\/figcaption><\/figure>\n\n\n\n<p class=\"has-background has-large-font-size has-light-green-cyan-background-color\"><strong>\u201cCada vez mais adquiro conhecimento.\nEsse \u00e9 o nosso maior legado\u201d<\/strong><\/p>\n\n\n\n<div class=\"wp-block-image\"><figure class=\"alignleft is-resized\"><img loading=\"lazy\" decoding=\"async\" src=\"https:\/\/i1.wp.com\/unicopas.org.br\/unicopas\/noticias\/wp-content\/uploads\/sites\/2\/2020\/03\/claudete.jpeg?fit=539%2C720&amp;ssl=1\" alt=\"\" class=\"wp-image-34077\" width=\"266\" height=\"354\" srcset=\"https:\/\/unicopas.org.br\/noticias\/wp-content\/uploads\/sites\/2\/2020\/03\/claudete.jpeg 959w, https:\/\/unicopas.org.br\/noticias\/wp-content\/uploads\/sites\/2\/2020\/03\/claudete-384x513.jpeg 384w, https:\/\/unicopas.org.br\/noticias\/wp-content\/uploads\/sites\/2\/2020\/03\/claudete-768x1025.jpeg 768w, https:\/\/unicopas.org.br\/noticias\/wp-content\/uploads\/sites\/2\/2020\/03\/claudete-539x720.jpeg 539w\" sizes=\"auto, (max-width: 266px) 100vw, 266px\" \/><figcaption>Claudete Costa, presidenta da Unicatadores<\/figcaption><\/figure><\/div>\n\n\n\n<p>Foi o que disse Claudete Costa, catadora de materiais recicl\u00e1veis desde os 10 anos de idade, hoje na presid\u00eancia da Unicatadores e da Cooperativa Reciclando para Viver. Com a separa\u00e7\u00e3o dos pais, a m\u00e3e de Claudete teve de ir para as ruas do Rio de Janeiro com tr\u00eas filhos. Vendiam velas de dia e catavam papel durante a noite. <\/p>\n\n\n\n<p>\u201cHoje tenho 30 anos de profiss\u00e3o. N\u00e3o \u00e9 f\u00e1cil! A cada dia\ntenho que estar muito madura e firme nas decis\u00f5es que tomo, porque ainda h\u00e1\nmuito preconceito e muita falta de compreens\u00e3o. A gente s\u00f3 \u00e9 vista, muitas\nvezes, para fazer fala bonita e fazer parte da luta. Cada vez mais adquiro\nconhecimento e experi\u00eancia porque esse \u00e9 o nosso maior legado\u201d, ressaltou\nClaudete. <\/p>\n\n\n\n<p>Por ser mulher, negra, moradora de comunidade e m\u00e3e solteira, os preconceitos, segundo ela, acabam sendo piores. \u201cMas a gente consegue, a cada noite, dar a volta por cima e amanhecer de cabe\u00e7a erguida para continuar na luta. \u00c9 dif\u00edcil, mas n\u00e3o \u00e9 imposs\u00edvel\u201d. <\/p>\n\n\n\n<p>A desvaloriza\u00e7\u00e3o, para Claudete, ainda \u00e9 um grande desafio a\nser vencido. Ela relatou que a falta de reconhecimento desestimula e enfraquece\no papel da mulher. O pior \u00e9 que isso, muitas vezes, \u00e9 feita de maneira\nproposital. \u201c\u00c0s vezes, estamos em alguns espa\u00e7os com o mesmo poder de decis\u00e3o,\ncom a mesma sabedoria, mas a gente se sente exclu\u00edda porque percebemos que por\nmais empoderada que a gente esteja, por mais que tenhamos firmeza em nossas\nfalas, as pessoas tentam nos diminuir\u201d, contou. &nbsp;<\/p>\n\n\n\n<p class=\"has-background has-large-font-size has-light-green-cyan-background-color\"><strong>\u201cZero ao machismo. Zero viol\u00eancia.\nZero a toda forma que n\u00e3o nos trate de forma igual\u201d<\/strong><\/p>\n\n\n\n<div class=\"wp-block-image\"><figure class=\"alignleft is-resized\"><img loading=\"lazy\" decoding=\"async\" src=\"https:\/\/i2.wp.com\/unicopas.org.br\/unicopas\/noticias\/wp-content\/uploads\/sites\/2\/2020\/03\/nelsa.jpeg?fit=960%2C720&amp;ssl=1\" alt=\"\" class=\"wp-image-34078\" width=\"323\" height=\"242\" srcset=\"https:\/\/unicopas.org.br\/noticias\/wp-content\/uploads\/sites\/2\/2020\/03\/nelsa.jpeg 1032w, https:\/\/unicopas.org.br\/noticias\/wp-content\/uploads\/sites\/2\/2020\/03\/nelsa-684x513.jpeg 684w, https:\/\/unicopas.org.br\/noticias\/wp-content\/uploads\/sites\/2\/2020\/03\/nelsa-768x576.jpeg 768w, https:\/\/unicopas.org.br\/noticias\/wp-content\/uploads\/sites\/2\/2020\/03\/nelsa-960x720.jpeg 960w, https:\/\/unicopas.org.br\/noticias\/wp-content\/uploads\/sites\/2\/2020\/03\/nelsa-678x509.jpeg 678w, https:\/\/unicopas.org.br\/noticias\/wp-content\/uploads\/sites\/2\/2020\/03\/nelsa-326x245.jpeg 326w, https:\/\/unicopas.org.br\/noticias\/wp-content\/uploads\/sites\/2\/2020\/03\/nelsa-80x60.jpeg 80w\" sizes=\"auto, (max-width: 323px) 100vw, 323px\" \/><figcaption>Nelsa Nespoldo, presidenta da Justa Trama<\/figcaption><\/figure><\/div>\n\n\n\n<p>Por isso, Nelsa Nespoldo, presidenta da Cooperativa Central Justa Trama da Unisol Brasil, defende que trabalhar a confian\u00e7a entre as mulheres e a constru\u00e7\u00e3o de uma economia inclusiva \u00e9 fundamental na busca pela equidade de g\u00eanero. Ela que vem de uma fam\u00edlia de pequenos agricultores de Nova P\u00e1dua, no interior Rio Grande do Sul, foi uma das protagonistas na trajet\u00f3ria da cooperativa que mostrou que \u00e9 poss\u00edvel produzir com responsabilidade e justi\u00e7a social, princ\u00edpios colocados, de fato, em pr\u00e1tica quando o assunto \u00e9 cooperativismo e economia solid\u00e1ria. Atualmente, a Justa Trama congrega centenas de trabalhadoras e trabalhadores nas cinco regi\u00f5es do Brasil. <\/p>\n\n\n\n<p>\u201cConstruir uma economia inclusiva significa distribuir renda\nde forma justa. Em uma sociedade em que as mulheres ainda ganham menos que os\nhomens, a gente constr\u00f3i empreendimentos em que n\u00f3s recebemos igual quando desempenhamos\na mesma fun\u00e7\u00e3o. Para a gente n\u00e3o \u00e9 uma quest\u00e3o de sexo ganhar menos ou mais. \u00c9\npreciso que que cada uma e cada um seja reconhecido pelo valor que tem enquanto\nser humano. Zero ao machismo. Zero viol\u00eancia. Zero a toda forma que n\u00e3o nos\ntrate de forma igual\u201d, destacou Nelsa. <\/p>\n\n\n\n<p class=\"has-background has-large-font-size has-light-green-cyan-background-color\"><strong>\u201cN\u00f3s, mulheres, rejeitamos a tutela.\nN\u00f3s queremos participa\u00e7\u00e3o\u201d<\/strong><\/p>\n\n\n\n<div class=\"wp-block-image\"><figure class=\"alignleft is-resized\"><img loading=\"lazy\" decoding=\"async\" src=\"https:\/\/i1.wp.com\/unicopas.org.br\/unicopas\/noticias\/wp-content\/uploads\/sites\/2\/2020\/03\/regina-dantas.jpeg?fit=714%2C720&amp;ssl=1\" alt=\"\" class=\"wp-image-34079\" width=\"298\" height=\"300\" srcset=\"https:\/\/unicopas.org.br\/noticias\/wp-content\/uploads\/sites\/2\/2020\/03\/regina-dantas.jpeg 750w, https:\/\/unicopas.org.br\/noticias\/wp-content\/uploads\/sites\/2\/2020\/03\/regina-dantas-509x513.jpeg 509w, https:\/\/unicopas.org.br\/noticias\/wp-content\/uploads\/sites\/2\/2020\/03\/regina-dantas-714x720.jpeg 714w, https:\/\/unicopas.org.br\/noticias\/wp-content\/uploads\/sites\/2\/2020\/03\/regina-dantas-24x24.jpeg 24w, https:\/\/unicopas.org.br\/noticias\/wp-content\/uploads\/sites\/2\/2020\/03\/regina-dantas-48x48.jpeg 48w, https:\/\/unicopas.org.br\/noticias\/wp-content\/uploads\/sites\/2\/2020\/03\/regina-dantas-96x96.jpeg 96w, https:\/\/unicopas.org.br\/noticias\/wp-content\/uploads\/sites\/2\/2020\/03\/regina-dantas-150x150.jpeg 150w\" sizes=\"auto, (max-width: 298px) 100vw, 298px\" \/><figcaption> Regina Dantas, atual presidenta da Unicafes Bahia <\/figcaption><\/figure><\/div>\n\n\n\n<p>Para que isso aconte\u00e7a, segundo Regina Dantas, atual presidenta da Unicafes Bahia, \u00e9 preciso garantir a participa\u00e7\u00e3o das mulheres nos espa\u00e7os de decis\u00e3o das cooperativas e empreendimentos econ\u00f4micos solid\u00e1rios. <\/p>\n\n\n\n<p>\u201cMas isso n\u00e3o como uma disputa de poder, mas como um direito\nconquistado com compet\u00eancia. Nosso papel e dever \u00e9 incentivar e apoiar mulheres\npara ocuparem os espa\u00e7os de forma emancipat\u00f3ria, produzindo bens e servi\u00e7os e\ngerando renda. N\u00f3s, mulheres, rejeitamos a tutela. N\u00f3s queremos participa\u00e7\u00e3o\u201d,\ndestacou. <\/p>\n\n\n\n<p>A pesquisa <a href=\"https:\/\/unicopas.org.br\/noticias\/mulheres-no-cooperativismo-e-na-economia-solidaria-trabalho-e-ousadia\">\u201cParticipa\u00e7\u00e3o\ndas mulheres em espa\u00e7os cooperativos\u201d<\/a>, organizada e realizada pela\nUnicafes, em parceria com a UNILA (Universidade Federal da Integra\u00e7\u00e3o Latino-Americana),\ncom o Observat\u00f3rio AFLA (Agriculturas Familiares Latino-Americanas), e com a\nREAF (Reuni\u00e3o Especializada sobre Agricultura Familiar do Mercosul ampliado),\nconstatou que somente 20% das mulheres entrevistadas participam de algum espa\u00e7o\nde decis\u00e3o, como: comiss\u00e3o diretiva, conselho fiscal, coordena\u00e7\u00e3o, diretoria,\nger\u00eancia ou presid\u00eancia. <\/p>\n\n\n\n<p class=\"has-background has-large-font-size has-light-green-cyan-background-color\"><strong>\u201cOs homens pensam grande, mas as\nmulheres pensam longe\u201d<\/strong><\/p>\n\n\n\n<div class=\"wp-block-image\"><figure class=\"alignleft is-resized\"><img loading=\"lazy\" decoding=\"async\" src=\"http:\/\/unicopas.org.br\/unicopas\/noticias\/wp-content\/uploads\/sites\/2\/2020\/03\/seminario-unicopas-76-1076x720.jpg\" alt=\"\" class=\"wp-image-34080\" width=\"346\" height=\"232\" srcset=\"https:\/\/unicopas.org.br\/noticias\/wp-content\/uploads\/sites\/2\/2020\/03\/seminario-unicopas-76-1076x720.jpg 1076w, https:\/\/unicopas.org.br\/noticias\/wp-content\/uploads\/sites\/2\/2020\/03\/seminario-unicopas-76-766x513.jpg 766w, https:\/\/unicopas.org.br\/noticias\/wp-content\/uploads\/sites\/2\/2020\/03\/seminario-unicopas-76-768x514.jpg 768w\" sizes=\"auto, (max-width: 346px) 100vw, 346px\" \/><figcaption>Ant\u00f4nia Ivoneide, presidenta da Concrab.  <\/figcaption><\/figure><\/div>\n\n\n\n<p>Para que haja um aumento na participa\u00e7\u00e3o das mulheres nos espa\u00e7os de decis\u00e3o do cooperativismo e da economia solid\u00e1ria, de acordo com Ant\u00f4nia Ivoneide, atual presidenta da Concrab, s\u00e3o necess\u00e1rios quatro elementos fundamentais: motiva\u00e7\u00e3o, condi\u00e7\u00f5es adequadas, resultado e constru\u00e7\u00e3o de processos participativos. <\/p>\n\n\n\n<p>\u201cNa pr\u00e1tica da produ\u00e7\u00e3o, s\u00e3o as mulheres que est\u00e3o \u00e0 frente. \u00c9 uma economia invisibilizada porque a mulher n\u00e3o \u00e9 reconhecida como produtora. As mulheres s\u00e3o capazes de pensar todo o conjunto de estrat\u00e9gias de produ\u00e7\u00e3o. Por isso que eu sempre digo: os homens pensam grande, mas as mulheres pensam longe\u201d. <\/p>\n\n\n\n<p>Criar condi\u00e7\u00f5es na vida das mulheres, como a conquista da autonomia financeira, \u00e9 um dos benef\u00edcios do cooperativismo e da economia solid\u00e1ria. \u201cQuem adquire autonomia, se fortalece para enfrentar situa\u00e7\u00f5es de viol\u00eancia (O Brasil ocupa o 5\u00ba lugar no mundo em taxa de feminic\u00eddio), se sente mais valorizada e vai para o enfrentamento dos pr\u00f3prios medos, suas pr\u00f3prias vergonhas. \u00c9 muito comum a gente ouvir: eu tenho vergonha de falar l\u00e1 na frente. Eu n\u00e3o tenho capacidade de debater esse tema. Mas quando a gente v\u00ea outras mulheres fazendo essas coisas, nos sentimos encorajadas, empoderadas\u201d.<\/p>\n\n\n\n<p class=\"has-background has-large-font-size has-light-green-cyan-background-color\"><strong>Unicopas inicia forma\u00e7\u00e3o de\nlideran\u00e7as no m\u00eas das mulheres<\/strong><\/p>\n\n\n\n<p>Encontros que ir\u00e3o fortalecer o protagonismo de mulheres que atuam no cooperativismo e na economia solid\u00e1ria no Brasil. Este \u00e9 o principal objetivo de um ciclo de oficinas que ir\u00e1 percorrer todo o Brasil no primeiro semestre de 2020. Para marcar as a\u00e7\u00f5es do m\u00eas das mulheres, a Unicopas iniciar\u00e1 a capacita\u00e7\u00e3o de mulheres do cooperativismo solid\u00e1rio em mar\u00e7o. Ao todo, ser\u00e3o realizados seis encontros \u2013 cinco regionais e um nacional \u2013 e a expectativa \u00e9 que cerca de 80 mulheres sejam capacitadas. <\/p>\n\n\n\n<div class=\"wp-block-image\"><figure class=\"alignleft is-resized\"><img loading=\"lazy\" decoding=\"async\" src=\"http:\/\/unicopas.org.br\/unicopas\/noticias\/wp-content\/uploads\/sites\/2\/2019\/12\/unicopas-jovens-cooperativistas-8-1076x720.jpg\" alt=\"\" class=\"wp-image-33962\" width=\"329\" height=\"220\" srcset=\"https:\/\/unicopas.org.br\/noticias\/wp-content\/uploads\/sites\/2\/2019\/12\/unicopas-jovens-cooperativistas-8-1076x720.jpg 1076w, https:\/\/unicopas.org.br\/noticias\/wp-content\/uploads\/sites\/2\/2019\/12\/unicopas-jovens-cooperativistas-8-766x513.jpg 766w, https:\/\/unicopas.org.br\/noticias\/wp-content\/uploads\/sites\/2\/2019\/12\/unicopas-jovens-cooperativistas-8-768x514.jpg 768w\" sizes=\"auto, (max-width: 329px) 100vw, 329px\" \/><\/figure><\/div>\n\n\n\n<p>Todos os eventos s\u00e3o direcionados \u00e0s mulheres que fazem\nparte de cooperativas e associa\u00e7\u00f5es que comp\u00f5em as centrais afiliadas \u00e0\nUnicopas \u2013 Unicafes Nacional, Unisol Brasil, Concrab e Unicatadores \u2013 e est\u00e3o\nsendo organizados pelo GT de Mulheres da Unicopas, que conta com representa\u00e7\u00f5es\ndas quatro centrais.<\/p>\n\n\n\n<p>O principal objetivo \u00e9 formar novas lideran\u00e7as, al\u00e9m de\nfortalecer a identidade das mulheres do cooperativismo solid\u00e1rio, construir\nnovas estrat\u00e9gias de fortalecimento e promover momentos de troca de\nexperi\u00eancias.<\/p>\n\n\n\n<p>As atividades s\u00e3o promovidas pela Unicopas, em parceria com as centrais afiliadas, e faz parte das atividades realizadas pelo projeto \u201cFortalecimento da Rede Unicopas, co-financiado pela Uni\u00e3o Europeia.<\/p>\n\n\n<h3 class=\"crp-list-title\">Saiba mais<\/h3><ul class=\"crp-list\"><li class=\"crp-list-item crp-list-item-image-none\"><div class=\"crp-list-item-title\"><a href=\"https:\/\/unicopas.org.br\/noticias\/blog\/2020\/02\/28\/cooperativismo-solidario-mulheres-do-nordeste-recebem-capacitacao\/\">Cooperativismo solid\u00e1rio: mulheres do Nordeste recebem capacita\u00e7\u00e3o<\/a><\/div><\/li><li class=\"crp-list-item crp-list-item-image-none\"><div class=\"crp-list-item-title\"><a href=\"http:\/\/unicopas.org.br\/noticias\/formacao-politica-e-prioridade-para-mulheres-do-nordeste\">Forma\u00e7\u00e3o pol\u00edtica \u00e9 prioridade para mulheres do Nordeste<\/a><\/div><\/li><li class=\"crp-list-item crp-list-item-image-none\"><div class=\"crp-list-item-title\"><a href=\"http:\/\/unicopas.org.br\/noticias\/cooperativismo-ecosol\/norte-e-a-proxima-regiao-a-receber-encontro-de-mulheres-da-unicopas\">Norte receber\u00e1 encontro de mulheres da Unicopas<\/a><\/div><\/li><\/ul>","protected":false},"excerpt":{"rendered":"<div class=\"mh-excerpt\"><p>Quatro mulheres e praticamente a mesma trajet\u00f3ria. Supera\u00e7\u00e3o, resist\u00eancia, resili\u00eancia e otimismo. Mesmo frente as adversidades, elas conquistaram seus espa\u00e7os e encontraram no cooperativismo e na economia solid\u00e1ria algo que vai al\u00e9m da autonomia, elas descobriram ferramentas para seguirem na luta pela equidade de g\u00eanero. <\/p>\n<\/div>","protected":false},"author":8,"featured_media":33694,"comment_status":"closed","ping_status":"open","sticky":false,"template":"","format":"standard","meta":{"_coblocks_attr":"","_coblocks_dimensions":"","_coblocks_responsive_height":"","_coblocks_accordion_ie_support":"","footnotes":""},"categories":[38,1,491],"tags":[293,184,65,66,67,75,87,292,294,104,105,106,107],"class_list":["post-34074","post","type-post","status-publish","format-standard","has-post-thumbnail","hentry","category-mulheres","category-noticias","category-unicopas","tag-8m","tag-concrab","tag-cooperativismo","tag-cooperativismo-social","tag-cooperativismo-solidario","tag-economia-solidaria","tag-mulheres","tag-resistencia","tag-transformacao","tag-unicafes","tag-unicatadores","tag-unicopas","tag-unisol"],"_links":{"self":[{"href":"https:\/\/unicopas.org.br\/noticias\/wp-json\/wp\/v2\/posts\/34074","targetHints":{"allow":["GET"]}}],"collection":[{"href":"https:\/\/unicopas.org.br\/noticias\/wp-json\/wp\/v2\/posts"}],"about":[{"href":"https:\/\/unicopas.org.br\/noticias\/wp-json\/wp\/v2\/types\/post"}],"author":[{"embeddable":true,"href":"https:\/\/unicopas.org.br\/noticias\/wp-json\/wp\/v2\/users\/8"}],"replies":[{"embeddable":true,"href":"https:\/\/unicopas.org.br\/noticias\/wp-json\/wp\/v2\/comments?post=34074"}],"version-history":[{"count":7,"href":"https:\/\/unicopas.org.br\/noticias\/wp-json\/wp\/v2\/posts\/34074\/revisions"}],"predecessor-version":[{"id":34087,"href":"https:\/\/unicopas.org.br\/noticias\/wp-json\/wp\/v2\/posts\/34074\/revisions\/34087"}],"wp:featuredmedia":[{"embeddable":true,"href":"https:\/\/unicopas.org.br\/noticias\/wp-json\/wp\/v2\/media\/33694"}],"wp:attachment":[{"href":"https:\/\/unicopas.org.br\/noticias\/wp-json\/wp\/v2\/media?parent=34074"}],"wp:term":[{"taxonomy":"category","embeddable":true,"href":"https:\/\/unicopas.org.br\/noticias\/wp-json\/wp\/v2\/categories?post=34074"},{"taxonomy":"post_tag","embeddable":true,"href":"https:\/\/unicopas.org.br\/noticias\/wp-json\/wp\/v2\/tags?post=34074"}],"curies":[{"name":"wp","href":"https:\/\/api.w.org\/{rel}","templated":true}]}}