{"id":33714,"date":"2019-08-15T16:07:04","date_gmt":"2019-08-15T19:07:04","guid":{"rendered":"http:\/\/unicopas.org.br\/?p=33714"},"modified":"2022-03-14T16:32:13","modified_gmt":"2022-03-14T19:32:13","slug":"frente-parlamentar-da-economia-solidaria-e-lancada-em-brasilia","status":"publish","type":"post","link":"https:\/\/unicopas.org.br\/noticias\/frente-parlamentar-da-economia-solidaria-e-lancada-em-brasilia\/","title":{"rendered":"Frente Parlamentar da Economia Solid\u00e1ria \u00e9 lan\u00e7ada em Bras\u00edlia"},"content":{"rendered":"\n<h3 class=\"wp-block-heading\"><em>Em audi\u00eancia p\u00fablica\nrealizada na C\u00e2mara dos Deputados, nova Frente Parlamentar Mista em Defesa da\nEconomia Solid\u00e1ria promete acompanhar e promover pol\u00edticas p\u00fablicas em prol do\nsetor. Frente conta com a assinatura de mais de 200 parlamentares<\/em><\/h3>\n\n\n\n<p>Foi lan\u00e7ada na tarde dessa quarta-feira (14), na C\u00e2mara dos\nDeputados, em Bras\u00edlia, a nova Frente Parlamentar Mista em Defesa da Economia\nSolid\u00e1ria. Coordenada pelo deputado Glauber Braga, a nova Frente conta mais de\n200 assinaturas e tem o compromisso de ser um espa\u00e7o para a discuss\u00e3o, junto a\nsociedade civil organizada, de pol\u00edticas p\u00fablicas que promovam o desenvolvimento\nda economia solid\u00e1ria no Brasil. Para Braga a expectativa \u00e9 \u201clevar a pauta da\neconomia solid\u00e1ria para os quatro cantos do Brasil e acompanhar projetos e\niniciativas que j\u00e1 est\u00e3o em tramita\u00e7\u00e3o e precisam ser aprovados\u201d. <\/p>\n\n\n\n<figure class=\"wp-block-embed-youtube wp-block-embed is-type-video is-provider-youtube wp-embed-aspect-16-9 wp-has-aspect-ratio\"><div class=\"wp-block-embed__wrapper\">\n<div class=\"epyt-video-wrapper\"><iframe loading=\"lazy\"  id=\"_ytid_55967\"  width=\"480\" height=\"270\"  data-origwidth=\"480\" data-origheight=\"270\" src=\"https:\/\/www.youtube.com\/embed\/00Dl-RzP2t8?enablejsapi=1&#038;autoplay=0&#038;cc_load_policy=0&#038;cc_lang_pref=&#038;iv_load_policy=1&#038;loop=0&#038;modestbranding=0&#038;rel=0&#038;fs=1&#038;playsinline=0&#038;autohide=2&#038;theme=dark&#038;color=red&#038;controls=1&#038;\" class=\"__youtube_prefs__  epyt-is-override  no-lazyload\" title=\"YouTube player\"  allow=\"accelerometer; autoplay; clipboard-write; encrypted-media; gyroscope; picture-in-picture\" allowfullscreen data-no-lazy=\"1\" data-skipgform_ajax_framebjll=\"\"><\/iframe><\/div>\n<\/div><\/figure>\n\n\n\n<p>Aline Sousa, catadora de material recicl\u00e1vel e\nsecret\u00e1ria-geral da Unicopas (Uni\u00e3o Nacional das Organiza\u00e7\u00f5es Cooperativistas\nSolid\u00e1rias), foi uma das representantes de organiza\u00e7\u00f5es sociais presentes que\ncompuseram a mesa de lan\u00e7amento. Aline destacou que a nova Frente Parlamentar\nMista em Defesa da Economia Solid\u00e1ria precisa estar \u00e0 frente dos debates e\nacompanhamentos do setor. \u201cN\u00f3s, que atuamos na economia solid\u00e1ria vamos\nacompanhar ativamente o trabalho dos parlamentares para que, juntos e juntas, a\ngente consiga fortalecer e mostrar para este pa\u00eds que a economia solid\u00e1ria j\u00e1\nacontece\u201d. <\/p>\n\n\n\n<p>Aline ainda lembrou das pol\u00edticas em tramita\u00e7\u00e3o no Congresso Nacional, como \u00e9 o caso do Projeto de Lei (PL) 137\/2017, que disp\u00f5e sobre a Pol\u00edtica Nacional da Economia Solid\u00e1ria, os empreendimentos econ\u00f4micos solid\u00e1rios e prev\u00ea a cria\u00e7\u00e3o do Sistema Nacional de Economia Solid\u00e1ria. <a href=\"https:\/\/unicopas.org.br\/noticias\/cooperativismo-ecosol\/comissao-do-senado-aprova-projeto-de-lei-da-politica-nacional-da-economia-solidaria\" target=\"_blank\" rel=\"noreferrer noopener\" aria-label=\"Aprovada por unanimidade pela Comiss\u00e3o de Desenvolvimento Regional do Senado em julho deste ano (abre numa nova aba)\">Aprovada por unanimidade pela Comiss\u00e3o de Desenvolvimento Regional do Senado em julho deste ano<\/a>, o PL deve entrar para a vota\u00e7\u00e3o Comiss\u00e3o de Assuntos Econ\u00f4micos (CAE), tamb\u00e9m no Senado, no pr\u00f3ximo dia 20, conforme informou o senador Jaques Vagner durante o lan\u00e7amento da Frente. \u201cE n\u00f3s vamos aprova-lo tamb\u00e9m nessa comiss\u00e3o\u201d, disse. Se aprovado pelo CAE, o PL 137\/2017 seguir\u00e1 para o Plen\u00e1rio da C\u00e2mara dos Deputados. <\/p>\n\n\n\n<p>Al\u00e9m de promover a economia solid\u00e1ria no Brasil, a Frente Parlamentar\nMista em Defesa da Economia Solid\u00e1ria tamb\u00e9m visa colaborar para a\ninstitucionaliza\u00e7\u00e3o do setor nos territ\u00f3rios visando o desenvolvimento local e\nregional e estimular e valorizar a participa\u00e7\u00e3o ampla e democr\u00e1tica da\nsociedade nas discuss\u00f5es sobre economia solid\u00e1ria. <\/p>\n\n\n\n<p>Assista aos v\u00eddeos e confira as expectativas de alguns deputados e deputadas presentes no lan\u00e7amento com rela\u00e7\u00e3o a nova Frente Parlamentar Mista em Defesa da Economia Solid\u00e1ria. <\/p>\n\n\n\n<figure class=\"wp-block-embed-youtube wp-block-embed is-type-video is-provider-youtube wp-embed-aspect-16-9 wp-has-aspect-ratio\"><div class=\"wp-block-embed__wrapper\">\n<div class=\"epyt-video-wrapper\"><iframe loading=\"lazy\"  id=\"_ytid_78275\"  width=\"480\" height=\"270\"  data-origwidth=\"480\" data-origheight=\"270\" src=\"https:\/\/www.youtube.com\/embed\/qUVekyIlqsQ?enablejsapi=1&#038;autoplay=0&#038;cc_load_policy=0&#038;cc_lang_pref=&#038;iv_load_policy=1&#038;loop=0&#038;modestbranding=0&#038;rel=0&#038;fs=1&#038;playsinline=0&#038;autohide=2&#038;theme=dark&#038;color=red&#038;controls=1&#038;\" class=\"__youtube_prefs__  epyt-is-override  no-lazyload\" title=\"YouTube player\"  allow=\"accelerometer; autoplay; clipboard-write; encrypted-media; gyroscope; picture-in-picture\" allowfullscreen data-no-lazy=\"1\" data-skipgform_ajax_framebjll=\"\"><\/iframe><\/div>\n<\/div><\/figure>\n\n\n\n<figure class=\"wp-block-embed-youtube wp-block-embed is-type-video is-provider-youtube wp-embed-aspect-16-9 wp-has-aspect-ratio\"><div class=\"wp-block-embed__wrapper\">\n<div class=\"epyt-video-wrapper\"><iframe loading=\"lazy\"  id=\"_ytid_87292\"  width=\"480\" height=\"270\"  data-origwidth=\"480\" data-origheight=\"270\" src=\"https:\/\/www.youtube.com\/embed\/H9em5tW3q44?enablejsapi=1&#038;autoplay=0&#038;cc_load_policy=0&#038;cc_lang_pref=&#038;iv_load_policy=1&#038;loop=0&#038;modestbranding=0&#038;rel=0&#038;fs=1&#038;playsinline=0&#038;autohide=2&#038;theme=dark&#038;color=red&#038;controls=1&#038;\" class=\"__youtube_prefs__  epyt-is-override  no-lazyload\" title=\"YouTube player\"  allow=\"accelerometer; autoplay; clipboard-write; encrypted-media; gyroscope; picture-in-picture\" allowfullscreen data-no-lazy=\"1\" data-skipgform_ajax_framebjll=\"\"><\/iframe><\/div>\n<\/div><\/figure>\n\n\n\n<figure class=\"wp-block-embed-youtube wp-block-embed is-type-video is-provider-youtube wp-embed-aspect-16-9 wp-has-aspect-ratio\"><div class=\"wp-block-embed__wrapper\">\n<div class=\"epyt-video-wrapper\"><iframe loading=\"lazy\"  id=\"_ytid_61035\"  width=\"480\" height=\"270\"  data-origwidth=\"480\" data-origheight=\"270\" src=\"https:\/\/www.youtube.com\/embed\/3qzchehwy5U?enablejsapi=1&#038;autoplay=0&#038;cc_load_policy=0&#038;cc_lang_pref=&#038;iv_load_policy=1&#038;loop=0&#038;modestbranding=0&#038;rel=0&#038;fs=1&#038;playsinline=0&#038;autohide=2&#038;theme=dark&#038;color=red&#038;controls=1&#038;\" class=\"__youtube_prefs__  epyt-is-override  no-lazyload\" title=\"YouTube player\"  allow=\"accelerometer; autoplay; clipboard-write; encrypted-media; gyroscope; picture-in-picture\" allowfullscreen data-no-lazy=\"1\" data-skipgform_ajax_framebjll=\"\"><\/iframe><\/div>\n<\/div><\/figure>\n\n\n\n<figure class=\"wp-block-embed-youtube wp-block-embed is-type-video is-provider-youtube wp-embed-aspect-16-9 wp-has-aspect-ratio\"><div class=\"wp-block-embed__wrapper\">\n<div class=\"epyt-video-wrapper\"><iframe loading=\"lazy\"  id=\"_ytid_90245\"  width=\"480\" height=\"270\"  data-origwidth=\"480\" data-origheight=\"270\" src=\"https:\/\/www.youtube.com\/embed\/yHWk8ED0tZE?enablejsapi=1&#038;autoplay=0&#038;cc_load_policy=0&#038;cc_lang_pref=&#038;iv_load_policy=1&#038;loop=0&#038;modestbranding=0&#038;rel=0&#038;fs=1&#038;playsinline=0&#038;autohide=2&#038;theme=dark&#038;color=red&#038;controls=1&#038;\" class=\"__youtube_prefs__  epyt-is-override  no-lazyload\" title=\"YouTube player\"  allow=\"accelerometer; autoplay; clipboard-write; encrypted-media; gyroscope; picture-in-picture\" allowfullscreen data-no-lazy=\"1\" data-skipgform_ajax_framebjll=\"\"><\/iframe><\/div>\n<\/div><\/figure>\n\n\n\n<figure class=\"wp-block-embed-youtube wp-block-embed is-type-video is-provider-youtube wp-embed-aspect-16-9 wp-has-aspect-ratio\"><div class=\"wp-block-embed__wrapper\">\n<div class=\"epyt-video-wrapper\"><iframe loading=\"lazy\"  id=\"_ytid_74089\"  width=\"480\" height=\"270\"  data-origwidth=\"480\" data-origheight=\"270\" src=\"https:\/\/www.youtube.com\/embed\/BBzheGJMSI8?enablejsapi=1&#038;autoplay=0&#038;cc_load_policy=0&#038;cc_lang_pref=&#038;iv_load_policy=1&#038;loop=0&#038;modestbranding=0&#038;rel=0&#038;fs=1&#038;playsinline=0&#038;autohide=2&#038;theme=dark&#038;color=red&#038;controls=1&#038;\" class=\"__youtube_prefs__  epyt-is-override  no-lazyload\" title=\"YouTube player\"  allow=\"accelerometer; autoplay; clipboard-write; encrypted-media; gyroscope; picture-in-picture\" allowfullscreen data-no-lazy=\"1\" data-skipgform_ajax_framebjll=\"\"><\/iframe><\/div>\n<\/div><\/figure>\n","protected":false},"excerpt":{"rendered":"<div class=\"mh-excerpt\"><p>Em audi\u00eancia p\u00fablica realizada na C\u00e2mara dos Deputados, nova Frente Parlamentar Mista em Defesa da Economia Solid\u00e1ria promete acompanhar e promover pol\u00edticas p\u00fablicas em prol do setor. Frente conta com a assinatura de mais de 200 parlamentares<\/p>\n<\/div>","protected":false},"author":5,"featured_media":33715,"comment_status":"closed","ping_status":"open","sticky":false,"template":"","format":"standard","meta":{"_coblocks_attr":"","_coblocks_dimensions":"","_coblocks_responsive_height":"","_coblocks_accordion_ie_support":"","footnotes":""},"categories":[493,491],"tags":[65,67,75,211,105],"class_list":["post-33714","post","type-post","status-publish","format-standard","has-post-thumbnail","hentry","category-incidencia-unicopas","category-unicopas","tag-cooperativismo","tag-cooperativismo-solidario","tag-economia-solidaria","tag-frente-parlamentar","tag-unicatadores"],"_links":{"self":[{"href":"https:\/\/unicopas.org.br\/noticias\/wp-json\/wp\/v2\/posts\/33714","targetHints":{"allow":["GET"]}}],"collection":[{"href":"https:\/\/unicopas.org.br\/noticias\/wp-json\/wp\/v2\/posts"}],"about":[{"href":"https:\/\/unicopas.org.br\/noticias\/wp-json\/wp\/v2\/types\/post"}],"author":[{"embeddable":true,"href":"https:\/\/unicopas.org.br\/noticias\/wp-json\/wp\/v2\/users\/5"}],"replies":[{"embeddable":true,"href":"https:\/\/unicopas.org.br\/noticias\/wp-json\/wp\/v2\/comments?post=33714"}],"version-history":[{"count":2,"href":"https:\/\/unicopas.org.br\/noticias\/wp-json\/wp\/v2\/posts\/33714\/revisions"}],"predecessor-version":[{"id":36109,"href":"https:\/\/unicopas.org.br\/noticias\/wp-json\/wp\/v2\/posts\/33714\/revisions\/36109"}],"wp:featuredmedia":[{"embeddable":true,"href":"https:\/\/unicopas.org.br\/noticias\/wp-json\/wp\/v2\/media\/33715"}],"wp:attachment":[{"href":"https:\/\/unicopas.org.br\/noticias\/wp-json\/wp\/v2\/media?parent=33714"}],"wp:term":[{"taxonomy":"category","embeddable":true,"href":"https:\/\/unicopas.org.br\/noticias\/wp-json\/wp\/v2\/categories?post=33714"},{"taxonomy":"post_tag","embeddable":true,"href":"https:\/\/unicopas.org.br\/noticias\/wp-json\/wp\/v2\/tags?post=33714"}],"curies":[{"name":"wp","href":"https:\/\/api.w.org\/{rel}","templated":true}]}}